{"id":11862,"date":"2021-01-13T12:06:50","date_gmt":"2021-01-13T11:06:50","guid":{"rendered":"https:\/\/www.imusiciveneziani.com\/?p=11862"},"modified":"2021-01-13T12:06:50","modified_gmt":"2021-01-13T11:06:50","slug":"orquesta-de-musica-clasica-como-vivir-esta-experiencia-en-venecia","status":"publish","type":"post","link":"https:\/\/www.imusiciveneziani.com\/es\/orquesta-de-musica-clasica-como-vivir-esta-experiencia-en-venecia\/","title":{"rendered":"Orquesta de M\u00fasica Cl\u00e1sica: c\u00f3mo vivir esta experiencia en Venecia"},"content":{"rendered":"<h2><b>Una orquesta de m\u00fasica cl\u00e1sica en Venecia: \u00a1qu\u00e9 acople!<\/b><\/h2>\n<p>&nbsp;<\/p>\n<p><span style=\"font-weight: 400;\">En verdad, en Venecia es todo el arte el que habla y con \u00e9l la historia &#8211; Venecia es una dama anciana (s\u00e9 que no es correcto declarar la edad de una dama pero tiene m\u00e1s de 1500 a\u00f1os&#8230;): desde la arquitectura de los <\/span><b>edificios de Venecia<\/b><span style=\"font-weight: 400;\">, pasando por su extraordinaria topograf\u00eda de callejones que se alternan con canales, hasta la m\u00fasica que resume toda la belleza de la ciudad. De hecho, imagina que vienes del <\/span><b>puente de Rialto<\/b><span style=\"font-weight: 400;\"> y te encuentras en el Campo San Salvador &#8211; el <\/span><b>campo<\/b><span style=\"font-weight: 400;\"> es un peque\u00f1o espacio abierto rodeado de edificios; de la <\/span><b>Scuola Grande de San Teodoro<\/b><span style=\"font-weight: 400;\"> viene el sonido de una orquesta de m\u00fasica cl\u00e1sica que te ofrece &#8220;<\/span><b>Las cuatro estaciones<\/b><span style=\"font-weight: 400;\">&#8221; &#8230; pero la realidad es m\u00e1s que la fantas\u00eda.<\/span><\/p>\n<p>&nbsp;<\/p>\n<h3><b>M\u00e1s all\u00e1 de los sue\u00f1os: una orquesta de m\u00fasica cl\u00e1sica en Venecia<\/b><\/h3>\n<p>&nbsp;<\/p>\n<p><span style=\"font-weight: 400;\">Est\u00e1s realmente en Venecia, quiz\u00e1s para <\/span><a href=\"https:\/\/www.imusiciveneziani.com\/es\/como-vivir-una-experiencia-romantica-en-venecia\/\" target=\"_blank\" rel=\"noopener noreferrer\"><b>vivir una experiencia rom\u00e1ntica<\/b><\/a><b>, <\/b><span style=\"font-weight: 400;\">la m\u00e1s incre\u00edble\u00a0 de tu vida, y realmente la <\/span><b>orquesta de m\u00fasica cl\u00e1sica<\/b><span style=\"font-weight: 400;\"> est\u00e1 tocando los cuatro inolvidables <\/span><b>conciertos de Vivaldi<\/b><span style=\"font-weight: 400;\">. Es una oportunidad que no puedes dejar pasar, te dir\u00e9 por qu\u00e9.<\/span><\/p>\n<p>&nbsp;<\/p>\n<p>En primer lugar el <b>lugar:<\/b><\/p>\n<ul>\n<li><span style=\"font-weight: 400;\"> la piedra fundamental de la sede de la hermandad de San Teodoro fue colocada a finales del siglo XVI. Terminada hacia 1692 gracias a la intervenci\u00f3n de tres arquitectos como Antonio Sardi, su hijo Giuseppe y Baldassarre Longhena, hoy la escuela acoge la <\/span><b>orquesta de m\u00fasica cl\u00e1sica<\/b><span style=\"font-weight: 400;\"> &#8220;<\/span><b>I Musici<\/b> <b>Veneziani<\/b><span style=\"font-weight: 400;\">&#8220;: la gran escalera y la monumental entrada de la sala capitular son inolvidables.<\/span><\/li>\n<\/ul>\n<p>&nbsp;<\/p>\n<p><span style=\"font-weight: 400;\">Luego el <\/span><b>concierto<\/b><span style=\"font-weight: 400;\"> en s\u00ed:\u00a0<\/span><\/p>\n<ul>\n<li><span style=\"font-weight: 400;\"> no es s\u00f3lo una <\/span><b>orquesta de m\u00fasica cl\u00e1sica en Venecia<\/b><span style=\"font-weight: 400;\"> porque cuando asistes a un concierto de &#8220;<\/span><b>I Musici Veneziani<\/b><span style=\"font-weight: 400;\">&#8221; te sumerges en la historia de &#8220;<\/span><b>La Serenissima<\/b><span style=\"font-weight: 400;\">&#8220;: es una experiencia \u00fanica, una <\/span><b>orquesta con trajes de \u00e9poca<\/b><span style=\"font-weight: 400;\"> que repite fielmente el barroco veneciano, la edad de oro de la Rep\u00fablica.<\/span><\/li>\n<\/ul>\n<p>&nbsp;<\/p>\n<h3><b>No s\u00f3lo el barroco: Venecia y su orquesta de m\u00fasica cl\u00e1sica<\/b><\/h3>\n<p><img decoding=\"async\" loading=\"lazy\" class=\"alignnone wp-image-11426 size-large\" src=\"https:\/\/www.imusiciveneziani.com\/wp-content\/uploads\/2020\/09\/Experiencia-roma\u0301ntica-en-Venecia-1024x672.jpg\" alt=\"\" width=\"1024\" height=\"672\" srcset=\"https:\/\/www.imusiciveneziani.com\/wp-content\/uploads\/2020\/09\/Experiencia-roma\u0301ntica-en-Venecia-1024x672.jpg 1024w, https:\/\/www.imusiciveneziani.com\/wp-content\/uploads\/2020\/09\/Experiencia-roma\u0301ntica-en-Venecia-300x197.jpg 300w, https:\/\/www.imusiciveneziani.com\/wp-content\/uploads\/2020\/09\/Experiencia-roma\u0301ntica-en-Venecia-768x504.jpg 768w, https:\/\/www.imusiciveneziani.com\/wp-content\/uploads\/2020\/09\/Experiencia-roma\u0301ntica-en-Venecia-1536x1008.jpg 1536w, https:\/\/www.imusiciveneziani.com\/wp-content\/uploads\/2020\/09\/Experiencia-roma\u0301ntica-en-Venecia-2048x1344.jpg 2048w, https:\/\/www.imusiciveneziani.com\/wp-content\/uploads\/2020\/09\/Experiencia-roma\u0301ntica-en-Venecia-600x394.jpg 600w\" sizes=\"(max-width: 1024px) 100vw, 1024px\" \/><\/p>\n<p><b>La orquesta de m\u00fasica cl\u00e1sica &#8220;I Musici Veneziani<\/b><span style=\"font-weight: 400;\">&#8221; te invita a apreciar la historia de la \u00f3pera no s\u00f3lo en Italia. Por ejemplo, el espect\u00e1culo <\/span><b>Barroco y<\/b> <b>\u00d3pera<\/b><span style=\"font-weight: 400;\"> te ofrece cumbres de la producci\u00f3n musical europea, como las arias de <\/span><b>Mozart <\/b><span style=\"font-weight: 400;\">y<\/span><b> Offenbach,<\/b> <b>Cimarosa,<\/b> <b>Rossini<\/b><span style=\"font-weight: 400;\">, <\/span><b>Verdi <\/b><span style=\"font-weight: 400;\">y <\/span><b>Puccini<\/b><span style=\"font-weight: 400;\">. Tienes la oportunidad de participar en un evento inolvidable, un concierto realizado por profesionales del m\u00e1s alto nivel que rinden homenaje a la m\u00fasica cl\u00e1sica.<\/span><\/p>\n<p>&nbsp;<\/p>\n<p><span style=\"font-weight: 400;\">A cinco minutos a pie del puente de Rialto y frente a la iglesia de San Salvador, la <\/span><b>Scuola Grande de San Teodoro<\/b><span style=\"font-weight: 400;\"> alberga la <\/span><b>orquesta de m\u00fasica cl\u00e1sica<\/b><span style=\"font-weight: 400;\"> &#8220;<\/span><a href=\"https:\/\/www.imusiciveneziani.com\/es\/orquesta\/\" target=\"_blank\" rel=\"noopener noreferrer\"><b>I Musici Veneziani<\/b><\/a><span style=\"font-weight: 400;\">&#8220;. Cont\u00e1ctanos para reservar tus entradas y vivir una experiencia incre\u00edble.\u00a0<\/span><\/p>\n","protected":false},"excerpt":{"rendered":"<p>Una orquesta de m\u00fasica cl\u00e1sica en Venecia: \u00a1qu\u00e9 acople! &nbsp; En verdad, en Venecia es todo el arte el que&#8230;<\/p>\n","protected":false},"author":1,"featured_media":11863,"comment_status":"closed","ping_status":"closed","sticky":false,"template":"","format":"standard","meta":[],"categories":[173],"tags":[249],"acf":[],"yoast_head":"<!-- This site is optimized with the Yoast SEO plugin v21.5 - https:\/\/yoast.com\/wordpress\/plugins\/seo\/ -->\n<title>Orquesta de M\u00fasica Cl\u00e1sica: c\u00f3mo vivir esta experiencia en Venecia | I Musici Veneziani<\/title>\n<meta name=\"description\" content=\"La orquesta de m\u00fasica cl\u00e1sica &quot;I Musici Veneziani&quot; te invita a apreciar la historia de la \u00f3pera no s\u00f3lo en Italia.\" \/>\n<meta name=\"robots\" content=\"index, follow, max-snippet:-1, max-image-preview:large, max-video-preview:-1\" \/>\n<link rel=\"canonical\" href=\"https:\/\/www.imusiciveneziani.com\/es\/orquesta-de-musica-clasica-como-vivir-esta-experiencia-en-venecia\/\" \/>\n<meta property=\"og:locale\" content=\"it_IT\" \/>\n<meta property=\"og:type\" content=\"article\" \/>\n<meta property=\"og:title\" content=\"Orquesta de M\u00fasica Cl\u00e1sica: c\u00f3mo vivir esta experiencia en Venecia | I Musici Veneziani\" \/>\n<meta property=\"og:description\" content=\"La orquesta de m\u00fasica cl\u00e1sica &quot;I Musici Veneziani&quot; te invita a apreciar la historia de la \u00f3pera no s\u00f3lo en Italia.\" \/>\n<meta property=\"og:url\" content=\"https:\/\/www.imusiciveneziani.com\/es\/orquesta-de-musica-clasica-como-vivir-esta-experiencia-en-venecia\/\" \/>\n<meta property=\"og:site_name\" content=\"I Musici Veneziani\" \/>\n<meta property=\"article:published_time\" content=\"2021-01-13T11:06:50+00:00\" \/>\n<meta property=\"og:image\" content=\"https:\/\/www.imusiciveneziani.com\/wp-content\/uploads\/2021\/01\/orquesta-de-mu\u0300sica-cla\u0300sica.jpg\" \/>\n\t<meta property=\"og:image:width\" content=\"1024\" \/>\n\t<meta property=\"og:image:height\" content=\"672\" \/>\n\t<meta property=\"og:image:type\" content=\"image\/jpeg\" \/>\n<meta name=\"author\" content=\"adminMusici\" \/>\n<meta name=\"twitter:card\" content=\"summary_large_image\" \/>\n<meta name=\"twitter:label1\" content=\"Scritto da\" \/>\n\t<meta name=\"twitter:data1\" content=\"adminMusici\" \/>\n\t<meta name=\"twitter:label2\" content=\"Tempo di lettura stimato\" \/>\n\t<meta name=\"twitter:data2\" content=\"2 minuti\" \/>\n<script type=\"application\/ld+json\" class=\"yoast-schema-graph\">{\"@context\":\"https:\/\/schema.org\",\"@graph\":[{\"@type\":\"Article\",\"@id\":\"https:\/\/www.imusiciveneziani.com\/es\/orquesta-de-musica-clasica-como-vivir-esta-experiencia-en-venecia\/#article\",\"isPartOf\":{\"@id\":\"https:\/\/www.imusiciveneziani.com\/es\/orquesta-de-musica-clasica-como-vivir-esta-experiencia-en-venecia\/\"},\"author\":{\"name\":\"adminMusici\",\"@id\":\"https:\/\/www.imusiciveneziani.com\/#\/schema\/person\/48238662f6e86f16b24e2c9c7bcb51ce\"},\"headline\":\"Orquesta de M\u00fasica Cl\u00e1sica: c\u00f3mo vivir esta experiencia en Venecia\",\"datePublished\":\"2021-01-13T11:06:50+00:00\",\"dateModified\":\"2021-01-13T11:06:50+00:00\",\"mainEntityOfPage\":{\"@id\":\"https:\/\/www.imusiciveneziani.com\/es\/orquesta-de-musica-clasica-como-vivir-esta-experiencia-en-venecia\/\"},\"wordCount\":504,\"publisher\":{\"@id\":\"https:\/\/www.imusiciveneziani.com\/#organization\"},\"keywords\":[\"orquesta de m\u00fasica cl\u00e1sica\"],\"articleSection\":[\"Blog\"],\"inLanguage\":\"it-IT\"},{\"@type\":\"WebPage\",\"@id\":\"https:\/\/www.imusiciveneziani.com\/es\/orquesta-de-musica-clasica-como-vivir-esta-experiencia-en-venecia\/\",\"url\":\"https:\/\/www.imusiciveneziani.com\/es\/orquesta-de-musica-clasica-como-vivir-esta-experiencia-en-venecia\/\",\"name\":\"Orquesta de M\u00fasica Cl\u00e1sica: c\u00f3mo vivir esta experiencia en Venecia | I Musici Veneziani\",\"isPartOf\":{\"@id\":\"https:\/\/www.imusiciveneziani.com\/#website\"},\"datePublished\":\"2021-01-13T11:06:50+00:00\",\"dateModified\":\"2021-01-13T11:06:50+00:00\",\"description\":\"La orquesta de m\u00fasica cl\u00e1sica \\\"I Musici Veneziani\\\" te invita a apreciar la historia de la \u00f3pera no s\u00f3lo en Italia.\",\"breadcrumb\":{\"@id\":\"https:\/\/www.imusiciveneziani.com\/es\/orquesta-de-musica-clasica-como-vivir-esta-experiencia-en-venecia\/#breadcrumb\"},\"inLanguage\":\"it-IT\",\"potentialAction\":[{\"@type\":\"ReadAction\",\"target\":[\"https:\/\/www.imusiciveneziani.com\/es\/orquesta-de-musica-clasica-como-vivir-esta-experiencia-en-venecia\/\"]}]},{\"@type\":\"BreadcrumbList\",\"@id\":\"https:\/\/www.imusiciveneziani.com\/es\/orquesta-de-musica-clasica-como-vivir-esta-experiencia-en-venecia\/#breadcrumb\",\"itemListElement\":[{\"@type\":\"ListItem\",\"position\":1,\"name\":\"Home\",\"item\":\"https:\/\/www.imusiciveneziani.com\/\"},{\"@type\":\"ListItem\",\"position\":2,\"name\":\"Orquesta de M\u00fasica Cl\u00e1sica: c\u00f3mo vivir esta experiencia en Venecia\"}]},{\"@type\":\"WebSite\",\"@id\":\"https:\/\/www.imusiciveneziani.com\/#website\",\"url\":\"https:\/\/www.imusiciveneziani.com\/\",\"name\":\"I Musici Veneziani\",\"description\":\"Orchestra e cantanti in costumi del XVIII secolo\",\"publisher\":{\"@id\":\"https:\/\/www.imusiciveneziani.com\/#organization\"},\"potentialAction\":[{\"@type\":\"SearchAction\",\"target\":{\"@type\":\"EntryPoint\",\"urlTemplate\":\"https:\/\/www.imusiciveneziani.com\/?s={search_term_string}\"},\"query-input\":\"required name=search_term_string\"}],\"inLanguage\":\"it-IT\"},{\"@type\":\"Organization\",\"@id\":\"https:\/\/www.imusiciveneziani.com\/#organization\",\"name\":\"I Musici Veneziani\",\"url\":\"https:\/\/www.imusiciveneziani.com\/\",\"logo\":{\"@type\":\"ImageObject\",\"inLanguage\":\"it-IT\",\"@id\":\"https:\/\/www.imusiciveneziani.com\/#\/schema\/logo\/image\/\",\"url\":\"https:\/\/beta.newwave-media.it\/musici\/wp-content\/uploads\/2018\/01\/logo_voucher-2.jpg\",\"contentUrl\":\"https:\/\/beta.newwave-media.it\/musici\/wp-content\/uploads\/2018\/01\/logo_voucher-2.jpg\",\"width\":400,\"height\":200,\"caption\":\"I Musici Veneziani\"},\"image\":{\"@id\":\"https:\/\/www.imusiciveneziani.com\/#\/schema\/logo\/image\/\"}},{\"@type\":\"Person\",\"@id\":\"https:\/\/www.imusiciveneziani.com\/#\/schema\/person\/48238662f6e86f16b24e2c9c7bcb51ce\",\"name\":\"adminMusici\",\"image\":{\"@type\":\"ImageObject\",\"inLanguage\":\"it-IT\",\"@id\":\"https:\/\/www.imusiciveneziani.com\/#\/schema\/person\/image\/\",\"url\":\"https:\/\/secure.gravatar.com\/avatar\/e9e24ce0c7fb2f21ea6ca24c548a0669?s=96&d=mm&r=g\",\"contentUrl\":\"https:\/\/secure.gravatar.com\/avatar\/e9e24ce0c7fb2f21ea6ca24c548a0669?s=96&d=mm&r=g\",\"caption\":\"adminMusici\"}}]}<\/script>\n<!-- \/ Yoast SEO plugin. -->","yoast_head_json":{"title":"Orquesta de M\u00fasica Cl\u00e1sica: c\u00f3mo vivir esta experiencia en Venecia | I Musici Veneziani","description":"La orquesta de m\u00fasica cl\u00e1sica \"I Musici Veneziani\" te invita a apreciar la historia de la \u00f3pera no s\u00f3lo en Italia.","robots":{"index":"index","follow":"follow","max-snippet":"max-snippet:-1","max-image-preview":"max-image-preview:large","max-video-preview":"max-video-preview:-1"},"canonical":"https:\/\/www.imusiciveneziani.com\/es\/orquesta-de-musica-clasica-como-vivir-esta-experiencia-en-venecia\/","og_locale":"it_IT","og_type":"article","og_title":"Orquesta de M\u00fasica Cl\u00e1sica: c\u00f3mo vivir esta experiencia en Venecia | I Musici Veneziani","og_description":"La orquesta de m\u00fasica cl\u00e1sica \"I Musici Veneziani\" te invita a apreciar la historia de la \u00f3pera no s\u00f3lo en Italia.","og_url":"https:\/\/www.imusiciveneziani.com\/es\/orquesta-de-musica-clasica-como-vivir-esta-experiencia-en-venecia\/","og_site_name":"I Musici Veneziani","article_published_time":"2021-01-13T11:06:50+00:00","og_image":[{"width":1024,"height":672,"url":"https:\/\/www.imusiciveneziani.com\/wp-content\/uploads\/2021\/01\/orquesta-de-mu\u0300sica-cla\u0300sica.jpg","type":"image\/jpeg"}],"author":"adminMusici","twitter_card":"summary_large_image","twitter_misc":{"Scritto da":"adminMusici","Tempo di lettura stimato":"2 minuti"},"schema":{"@context":"https:\/\/schema.org","@graph":[{"@type":"Article","@id":"https:\/\/www.imusiciveneziani.com\/es\/orquesta-de-musica-clasica-como-vivir-esta-experiencia-en-venecia\/#article","isPartOf":{"@id":"https:\/\/www.imusiciveneziani.com\/es\/orquesta-de-musica-clasica-como-vivir-esta-experiencia-en-venecia\/"},"author":{"name":"adminMusici","@id":"https:\/\/www.imusiciveneziani.com\/#\/schema\/person\/48238662f6e86f16b24e2c9c7bcb51ce"},"headline":"Orquesta de M\u00fasica Cl\u00e1sica: c\u00f3mo vivir esta experiencia en Venecia","datePublished":"2021-01-13T11:06:50+00:00","dateModified":"2021-01-13T11:06:50+00:00","mainEntityOfPage":{"@id":"https:\/\/www.imusiciveneziani.com\/es\/orquesta-de-musica-clasica-como-vivir-esta-experiencia-en-venecia\/"},"wordCount":504,"publisher":{"@id":"https:\/\/www.imusiciveneziani.com\/#organization"},"keywords":["orquesta de m\u00fasica cl\u00e1sica"],"articleSection":["Blog"],"inLanguage":"it-IT"},{"@type":"WebPage","@id":"https:\/\/www.imusiciveneziani.com\/es\/orquesta-de-musica-clasica-como-vivir-esta-experiencia-en-venecia\/","url":"https:\/\/www.imusiciveneziani.com\/es\/orquesta-de-musica-clasica-como-vivir-esta-experiencia-en-venecia\/","name":"Orquesta de M\u00fasica Cl\u00e1sica: c\u00f3mo vivir esta experiencia en Venecia | I Musici Veneziani","isPartOf":{"@id":"https:\/\/www.imusiciveneziani.com\/#website"},"datePublished":"2021-01-13T11:06:50+00:00","dateModified":"2021-01-13T11:06:50+00:00","description":"La orquesta de m\u00fasica cl\u00e1sica \"I Musici Veneziani\" te invita a apreciar la historia de la \u00f3pera no s\u00f3lo en Italia.","breadcrumb":{"@id":"https:\/\/www.imusiciveneziani.com\/es\/orquesta-de-musica-clasica-como-vivir-esta-experiencia-en-venecia\/#breadcrumb"},"inLanguage":"it-IT","potentialAction":[{"@type":"ReadAction","target":["https:\/\/www.imusiciveneziani.com\/es\/orquesta-de-musica-clasica-como-vivir-esta-experiencia-en-venecia\/"]}]},{"@type":"BreadcrumbList","@id":"https:\/\/www.imusiciveneziani.com\/es\/orquesta-de-musica-clasica-como-vivir-esta-experiencia-en-venecia\/#breadcrumb","itemListElement":[{"@type":"ListItem","position":1,"name":"Home","item":"https:\/\/www.imusiciveneziani.com\/"},{"@type":"ListItem","position":2,"name":"Orquesta de M\u00fasica Cl\u00e1sica: c\u00f3mo vivir esta experiencia en Venecia"}]},{"@type":"WebSite","@id":"https:\/\/www.imusiciveneziani.com\/#website","url":"https:\/\/www.imusiciveneziani.com\/","name":"I Musici Veneziani","description":"Orchestra e cantanti in costumi del XVIII secolo","publisher":{"@id":"https:\/\/www.imusiciveneziani.com\/#organization"},"potentialAction":[{"@type":"SearchAction","target":{"@type":"EntryPoint","urlTemplate":"https:\/\/www.imusiciveneziani.com\/?s={search_term_string}"},"query-input":"required name=search_term_string"}],"inLanguage":"it-IT"},{"@type":"Organization","@id":"https:\/\/www.imusiciveneziani.com\/#organization","name":"I Musici Veneziani","url":"https:\/\/www.imusiciveneziani.com\/","logo":{"@type":"ImageObject","inLanguage":"it-IT","@id":"https:\/\/www.imusiciveneziani.com\/#\/schema\/logo\/image\/","url":"https:\/\/beta.newwave-media.it\/musici\/wp-content\/uploads\/2018\/01\/logo_voucher-2.jpg","contentUrl":"https:\/\/beta.newwave-media.it\/musici\/wp-content\/uploads\/2018\/01\/logo_voucher-2.jpg","width":400,"height":200,"caption":"I Musici Veneziani"},"image":{"@id":"https:\/\/www.imusiciveneziani.com\/#\/schema\/logo\/image\/"}},{"@type":"Person","@id":"https:\/\/www.imusiciveneziani.com\/#\/schema\/person\/48238662f6e86f16b24e2c9c7bcb51ce","name":"adminMusici","image":{"@type":"ImageObject","inLanguage":"it-IT","@id":"https:\/\/www.imusiciveneziani.com\/#\/schema\/person\/image\/","url":"https:\/\/secure.gravatar.com\/avatar\/e9e24ce0c7fb2f21ea6ca24c548a0669?s=96&d=mm&r=g","contentUrl":"https:\/\/secure.gravatar.com\/avatar\/e9e24ce0c7fb2f21ea6ca24c548a0669?s=96&d=mm&r=g","caption":"adminMusici"}}]}},"_links":{"self":[{"href":"https:\/\/www.imusiciveneziani.com\/wp-json\/wp\/v2\/posts\/11862"}],"collection":[{"href":"https:\/\/www.imusiciveneziani.com\/wp-json\/wp\/v2\/posts"}],"about":[{"href":"https:\/\/www.imusiciveneziani.com\/wp-json\/wp\/v2\/types\/post"}],"author":[{"embeddable":true,"href":"https:\/\/www.imusiciveneziani.com\/wp-json\/wp\/v2\/users\/1"}],"replies":[{"embeddable":true,"href":"https:\/\/www.imusiciveneziani.com\/wp-json\/wp\/v2\/comments?post=11862"}],"version-history":[{"count":0,"href":"https:\/\/www.imusiciveneziani.com\/wp-json\/wp\/v2\/posts\/11862\/revisions"}],"wp:featuredmedia":[{"embeddable":true,"href":"https:\/\/www.imusiciveneziani.com\/wp-json\/wp\/v2\/media\/11863"}],"wp:attachment":[{"href":"https:\/\/www.imusiciveneziani.com\/wp-json\/wp\/v2\/media?parent=11862"}],"wp:term":[{"taxonomy":"category","embeddable":true,"href":"https:\/\/www.imusiciveneziani.com\/wp-json\/wp\/v2\/categories?post=11862"},{"taxonomy":"post_tag","embeddable":true,"href":"https:\/\/www.imusiciveneziani.com\/wp-json\/wp\/v2\/tags?post=11862"}],"curies":[{"name":"wp","href":"https:\/\/api.w.org\/{rel}","templated":true}]}}