{"id":13368,"date":"2021-09-02T15:21:44","date_gmt":"2021-09-02T13:21:44","guid":{"rendered":"https:\/\/www.imusiciveneziani.com\/?p=13368"},"modified":"2021-09-02T15:21:44","modified_gmt":"2021-09-02T13:21:44","slug":"conciertos-en-agosto-en-italia-los-mejores-espectaculos-en-venecia","status":"publish","type":"post","link":"https:\/\/www.imusiciveneziani.com\/es\/conciertos-en-agosto-en-italia-los-mejores-espectaculos-en-venecia\/","title":{"rendered":"Conciertos en agosto en Italia: los mejores espect\u00e1culos en Venecia"},"content":{"rendered":"<h2><b>\u00bfBuscas conciertos en agosto en Italia? Simplemente, en Venecia<\/b><\/h2>\n<p>&nbsp;<\/p>\n<p><span style=\"font-weight: 400;\">Queridos amantes de la m\u00fasica cl\u00e1sica de todo el mundo, estos consejos son para vosotros, porque vuestra pasi\u00f3n no se va de vacaciones. Y si tu amor no se desvanece, <\/span><b>Venecia<\/b><span style=\"font-weight: 400;\"> est\u00e1 ah\u00ed para acogerlo. De hecho, si buscas <\/span><b>conciertos en agosto en Italia<\/b><span style=\"font-weight: 400;\">, la Serenissima est\u00e1 preparada para ofrecerte una experiencia inolvidable. \u00bfD\u00f3nde puedes encontrar <\/span><a href=\"https:\/\/www.imusiciveneziani.com\/es\/los-mejores-espectaculos-para-ver-en-venecia-durante-sus-vacaciones\/\" target=\"_blank\" rel=\"noopener noreferrer\"><b>los mejores espect\u00e1culos para ver en Venecia<\/b><\/a><span style=\"font-weight: 400;\">? No te preocupes, te lo contar\u00e9 todo.<\/span><\/p>\n<p>&nbsp;<\/p>\n<h3><b>Conciertos en agosto en Italia: una joya escondida entre los calli de Venecia<\/b><\/h3>\n<p>&nbsp;<\/p>\n<p><span style=\"font-weight: 400;\">Caminando por el barrio de San Marcos, a dos minutos del famoso <\/span><b>puente de Rialto<\/b><span style=\"font-weight: 400;\">, y te encontrar\u00e1s en el <\/span><b>Campo San Salvador<\/b><span style=\"font-weight: 400;\">: una peque\u00f1a plaza, dominada por la antigua iglesia de San Salvador (algunos creen que fue fundada en el a\u00f1o 638) y la <\/span><b>Scuola Grande di San<\/b> <b>Teodoro<\/b><span style=\"font-weight: 400;\">, sede de la m\u00e1s antigua cofrad\u00eda veneciana. La Scuola Grande, terminada en 1692 gracias al trabajo de tres arquitectos, Antonio y Giuseppe Sardi pero sobre todo Baldassarre Longhena, puede considerarse una obra maestra del barroco. As\u00ed pues, si est\u00e1s buscando <\/span><b>conciertos en agosto en Italia<\/b><span style=\"font-weight: 400;\">, la <\/span><b>Sala Capitular<\/b><span style=\"font-weight: 400;\"> de la Scuola ser\u00e1 el lugar ideal para satisfacer tu pasi\u00f3n, y la m\u00fasica barroca satisfar\u00e1 tu deseo.<\/span><\/p>\n<p><img decoding=\"async\" loading=\"lazy\" class=\"alignnone wp-image-12121 size-full\" src=\"https:\/\/www.imusiciveneziani.com\/wp-content\/uploads\/2021\/03\/La-historia-de-Las-Cuatro-Estaciones-de-Vivaldi.jpg\" alt=\"\" width=\"1024\" height=\"672\" srcset=\"https:\/\/www.imusiciveneziani.com\/wp-content\/uploads\/2021\/03\/La-historia-de-Las-Cuatro-Estaciones-de-Vivaldi.jpg 1024w, https:\/\/www.imusiciveneziani.com\/wp-content\/uploads\/2021\/03\/La-historia-de-Las-Cuatro-Estaciones-de-Vivaldi-300x197.jpg 300w, https:\/\/www.imusiciveneziani.com\/wp-content\/uploads\/2021\/03\/La-historia-de-Las-Cuatro-Estaciones-de-Vivaldi-768x504.jpg 768w, https:\/\/www.imusiciveneziani.com\/wp-content\/uploads\/2021\/03\/La-historia-de-Las-Cuatro-Estaciones-de-Vivaldi-600x394.jpg 600w\" sizes=\"(max-width: 1024px) 100vw, 1024px\" \/><\/p>\n<h3><b>La esencia del barroco para tus conciertos en agosto en Italia<\/b><\/h3>\n<p>&nbsp;<\/p>\n<p><span style=\"font-weight: 400;\">En efecto, cuando se habla de Barroco, se habla de Venecia; y desde el punto de vista musical, cuando se habla de la Venecia barroca, no se puede dejar de mencionar al &#8220;cura pelirrojo&#8221;, <\/span><b>Antonio Vivaldi<\/b><span style=\"font-weight: 400;\">, que fue quiz\u00e1s, junto con <\/span><b>Johann Sebastian Bach<\/b><span style=\"font-weight: 400;\">, el mayor representante de la m\u00fasica barroca en el mundo. \u00bfQui\u00e9n de los amantes de la m\u00fasica cl\u00e1sica no conoce <\/span><a href=\"https:\/\/www.imusiciveneziani.com\/es\/las-cuatro-estaciones-de-vivaldi-una-experiencia-unica-para-vivir-la-cultura-italiana\/\" target=\"_blank\" rel=\"noopener noreferrer\"><b>Las<\/b> <b>Cuatro Estaciones de Vivaldi<\/b><\/a><span style=\"font-weight: 400;\">? Elige entonces para tu <\/span><b>concierto en agosto en Italia<\/b><span style=\"font-weight: 400;\"> el extraordinario marco de la <\/span><b>Scuola Grande di San Teodoro<\/b><span style=\"font-weight: 400;\"> en Venecia para tus conciertos en agosto en Italia. No te arrepentir\u00e1s.<\/span><\/p>\n<p>&nbsp;<\/p>\n<h3><b>Conciertos en agosto en Italia: barrocos pero no s\u00f3lo &#8230;<\/b><\/h3>\n<p>&nbsp;<\/p>\n<p><span style=\"font-weight: 400;\">En efecto, gracias a la extraordinaria orquesta de &#8220;<\/span><b>I Musici Veneziani<\/b><span style=\"font-weight: 400;\">&#8220;, la \u00fanica orquesta del mundo vestida con <\/span><b>trajes de \u00e9poca<\/b><span style=\"font-weight: 400;\">, te embarcas en un viaje inolvidable por la m\u00fasica cl\u00e1sica y la \u00f3pera en particular. El espect\u00e1culo <\/span><b>Barroco y \u00d3pera<\/b><span style=\"font-weight: 400;\"> es, en todos los sentidos, un homenaje al g\u00e9nero oper\u00edstico. Algunas de las arias de \u00f3pera m\u00e1s famosas de la historia te permitir\u00e1n revivir la grandeza de la cultura musical italiana y m\u00e1s all\u00e1: de <\/span><b>Domenica Cimarosa <\/b><span style=\"font-weight: 400;\">a <\/span><b>Gioacchino Rossini<\/b><span style=\"font-weight: 400;\">; de <\/span><b>Giuseppe Verdi<\/b><span style=\"font-weight: 400;\"> a <\/span><b>Giacomo Puccini<\/b><span style=\"font-weight: 400;\">; pero tambi\u00e9n <\/span><b>Offenbach<\/b><span style=\"font-weight: 400;\"> y <\/span><b>Mozart<\/b><span style=\"font-weight: 400;\">. Cuando se trata de <\/span><b>conciertos en agosto en Italia<\/b><span style=\"font-weight: 400;\">, no encontrar\u00e1s nada mejor.<\/span><\/p>\n<p>&nbsp;<\/p>\n<p><span style=\"font-weight: 400;\">Visita la secci\u00f2n &#8220;<\/span><span style=\"font-weight: 400;\"><a href=\"https:\/\/www.imusiciveneziani.com\/es\/conciertos\/\" target=\"_blank\" rel=\"noopener noreferrer\">Conciertos<\/a>\u201d y elige el concierto programado para satisfacer tu deseo de &#8220; conciertos&#8221; en agosto en Italia.\u00a0<\/span><\/p>\n<p>&nbsp;<\/p>\n<p><span style=\"font-weight: 400;\">\u00bfQu\u00e9 pasa? \u00bfQu\u00e9 haces todav\u00eda aqu\u00ed? No dudes en reservar tus entradas<\/span><\/p>\n","protected":false},"excerpt":{"rendered":"<p>\u00bfBuscas conciertos en agosto en Italia? Simplemente, en Venecia &nbsp; Queridos amantes de la m\u00fasica cl\u00e1sica de todo el mundo,&#8230;<\/p>\n","protected":false},"author":1,"featured_media":13378,"comment_status":"closed","ping_status":"closed","sticky":false,"template":"","format":"standard","meta":[],"categories":[173],"tags":[307,316],"acf":[],"yoast_head":"<!-- This site is optimized with the Yoast SEO plugin v21.5 - https:\/\/yoast.com\/wordpress\/plugins\/seo\/ -->\n<title>Conciertos en agosto en Italia: los mejores espect\u00e1culos en Venecia | I Musici Veneziani<\/title>\n<meta name=\"description\" content=\"El espect\u00e1culo Barroco y \u00d3pera es un homenaje al g\u00e9nero oper\u00edstico. Cuando se trata de conciertos en agosto en Italia, no encontrar\u00e1s nada mejor.\" \/>\n<meta name=\"robots\" content=\"index, follow, max-snippet:-1, max-image-preview:large, max-video-preview:-1\" \/>\n<link rel=\"canonical\" href=\"https:\/\/www.imusiciveneziani.com\/es\/conciertos-en-agosto-en-italia-los-mejores-espectaculos-en-venecia\/\" \/>\n<meta property=\"og:locale\" content=\"it_IT\" \/>\n<meta property=\"og:type\" content=\"article\" \/>\n<meta property=\"og:title\" content=\"Conciertos en agosto en Italia: los mejores espect\u00e1culos en Venecia | I Musici Veneziani\" \/>\n<meta property=\"og:description\" content=\"El espect\u00e1culo Barroco y \u00d3pera es un homenaje al g\u00e9nero oper\u00edstico. Cuando se trata de conciertos en agosto en Italia, no encontrar\u00e1s nada mejor.\" \/>\n<meta property=\"og:url\" content=\"https:\/\/www.imusiciveneziani.com\/es\/conciertos-en-agosto-en-italia-los-mejores-espectaculos-en-venecia\/\" \/>\n<meta property=\"og:site_name\" content=\"I Musici Veneziani\" \/>\n<meta property=\"article:published_time\" content=\"2021-09-02T13:21:44+00:00\" \/>\n<meta property=\"og:image\" content=\"https:\/\/www.imusiciveneziani.com\/wp-content\/uploads\/2021\/09\/conciertos-en-agosto-en-italia.jpg\" \/>\n\t<meta property=\"og:image:width\" content=\"2560\" \/>\n\t<meta property=\"og:image:height\" content=\"1680\" \/>\n\t<meta property=\"og:image:type\" content=\"image\/jpeg\" \/>\n<meta name=\"author\" content=\"adminMusici\" \/>\n<meta name=\"twitter:card\" content=\"summary_large_image\" \/>\n<meta name=\"twitter:label1\" content=\"Scritto da\" \/>\n\t<meta name=\"twitter:data1\" content=\"adminMusici\" \/>\n\t<meta name=\"twitter:label2\" content=\"Tempo di lettura stimato\" \/>\n\t<meta name=\"twitter:data2\" content=\"3 minuti\" \/>\n<script type=\"application\/ld+json\" class=\"yoast-schema-graph\">{\"@context\":\"https:\/\/schema.org\",\"@graph\":[{\"@type\":\"Article\",\"@id\":\"https:\/\/www.imusiciveneziani.com\/es\/conciertos-en-agosto-en-italia-los-mejores-espectaculos-en-venecia\/#article\",\"isPartOf\":{\"@id\":\"https:\/\/www.imusiciveneziani.com\/es\/conciertos-en-agosto-en-italia-los-mejores-espectaculos-en-venecia\/\"},\"author\":{\"name\":\"adminMusici\",\"@id\":\"https:\/\/www.imusiciveneziani.com\/#\/schema\/person\/48238662f6e86f16b24e2c9c7bcb51ce\"},\"headline\":\"Conciertos en agosto en Italia: los mejores espect\u00e1culos en Venecia\",\"datePublished\":\"2021-09-02T13:21:44+00:00\",\"dateModified\":\"2021-09-02T13:21:44+00:00\",\"mainEntityOfPage\":{\"@id\":\"https:\/\/www.imusiciveneziani.com\/es\/conciertos-en-agosto-en-italia-los-mejores-espectaculos-en-venecia\/\"},\"wordCount\":513,\"publisher\":{\"@id\":\"https:\/\/www.imusiciveneziani.com\/#organization\"},\"keywords\":[\"antonio vivaldi\",\"Conciertos en agosto en Italia\"],\"articleSection\":[\"Blog\"],\"inLanguage\":\"it-IT\"},{\"@type\":\"WebPage\",\"@id\":\"https:\/\/www.imusiciveneziani.com\/es\/conciertos-en-agosto-en-italia-los-mejores-espectaculos-en-venecia\/\",\"url\":\"https:\/\/www.imusiciveneziani.com\/es\/conciertos-en-agosto-en-italia-los-mejores-espectaculos-en-venecia\/\",\"name\":\"Conciertos en agosto en Italia: los mejores espect\u00e1culos en Venecia | I Musici Veneziani\",\"isPartOf\":{\"@id\":\"https:\/\/www.imusiciveneziani.com\/#website\"},\"datePublished\":\"2021-09-02T13:21:44+00:00\",\"dateModified\":\"2021-09-02T13:21:44+00:00\",\"description\":\"El espect\u00e1culo Barroco y \u00d3pera es un homenaje al g\u00e9nero oper\u00edstico. Cuando se trata de conciertos en agosto en Italia, no encontrar\u00e1s nada mejor.\",\"breadcrumb\":{\"@id\":\"https:\/\/www.imusiciveneziani.com\/es\/conciertos-en-agosto-en-italia-los-mejores-espectaculos-en-venecia\/#breadcrumb\"},\"inLanguage\":\"it-IT\",\"potentialAction\":[{\"@type\":\"ReadAction\",\"target\":[\"https:\/\/www.imusiciveneziani.com\/es\/conciertos-en-agosto-en-italia-los-mejores-espectaculos-en-venecia\/\"]}]},{\"@type\":\"BreadcrumbList\",\"@id\":\"https:\/\/www.imusiciveneziani.com\/es\/conciertos-en-agosto-en-italia-los-mejores-espectaculos-en-venecia\/#breadcrumb\",\"itemListElement\":[{\"@type\":\"ListItem\",\"position\":1,\"name\":\"Home\",\"item\":\"https:\/\/www.imusiciveneziani.com\/\"},{\"@type\":\"ListItem\",\"position\":2,\"name\":\"Conciertos en agosto en Italia: los mejores espect\u00e1culos en Venecia\"}]},{\"@type\":\"WebSite\",\"@id\":\"https:\/\/www.imusiciveneziani.com\/#website\",\"url\":\"https:\/\/www.imusiciveneziani.com\/\",\"name\":\"I Musici Veneziani\",\"description\":\"Orchestra e cantanti in costumi del XVIII secolo\",\"publisher\":{\"@id\":\"https:\/\/www.imusiciveneziani.com\/#organization\"},\"potentialAction\":[{\"@type\":\"SearchAction\",\"target\":{\"@type\":\"EntryPoint\",\"urlTemplate\":\"https:\/\/www.imusiciveneziani.com\/?s={search_term_string}\"},\"query-input\":\"required name=search_term_string\"}],\"inLanguage\":\"it-IT\"},{\"@type\":\"Organization\",\"@id\":\"https:\/\/www.imusiciveneziani.com\/#organization\",\"name\":\"I Musici Veneziani\",\"url\":\"https:\/\/www.imusiciveneziani.com\/\",\"logo\":{\"@type\":\"ImageObject\",\"inLanguage\":\"it-IT\",\"@id\":\"https:\/\/www.imusiciveneziani.com\/#\/schema\/logo\/image\/\",\"url\":\"https:\/\/beta.newwave-media.it\/musici\/wp-content\/uploads\/2018\/01\/logo_voucher-2.jpg\",\"contentUrl\":\"https:\/\/beta.newwave-media.it\/musici\/wp-content\/uploads\/2018\/01\/logo_voucher-2.jpg\",\"width\":400,\"height\":200,\"caption\":\"I Musici Veneziani\"},\"image\":{\"@id\":\"https:\/\/www.imusiciveneziani.com\/#\/schema\/logo\/image\/\"}},{\"@type\":\"Person\",\"@id\":\"https:\/\/www.imusiciveneziani.com\/#\/schema\/person\/48238662f6e86f16b24e2c9c7bcb51ce\",\"name\":\"adminMusici\",\"image\":{\"@type\":\"ImageObject\",\"inLanguage\":\"it-IT\",\"@id\":\"https:\/\/www.imusiciveneziani.com\/#\/schema\/person\/image\/\",\"url\":\"https:\/\/secure.gravatar.com\/avatar\/e9e24ce0c7fb2f21ea6ca24c548a0669?s=96&d=mm&r=g\",\"contentUrl\":\"https:\/\/secure.gravatar.com\/avatar\/e9e24ce0c7fb2f21ea6ca24c548a0669?s=96&d=mm&r=g\",\"caption\":\"adminMusici\"}}]}<\/script>\n<!-- \/ Yoast SEO plugin. -->","yoast_head_json":{"title":"Conciertos en agosto en Italia: los mejores espect\u00e1culos en Venecia | I Musici Veneziani","description":"El espect\u00e1culo Barroco y \u00d3pera es un homenaje al g\u00e9nero oper\u00edstico. Cuando se trata de conciertos en agosto en Italia, no encontrar\u00e1s nada mejor.","robots":{"index":"index","follow":"follow","max-snippet":"max-snippet:-1","max-image-preview":"max-image-preview:large","max-video-preview":"max-video-preview:-1"},"canonical":"https:\/\/www.imusiciveneziani.com\/es\/conciertos-en-agosto-en-italia-los-mejores-espectaculos-en-venecia\/","og_locale":"it_IT","og_type":"article","og_title":"Conciertos en agosto en Italia: los mejores espect\u00e1culos en Venecia | I Musici Veneziani","og_description":"El espect\u00e1culo Barroco y \u00d3pera es un homenaje al g\u00e9nero oper\u00edstico. Cuando se trata de conciertos en agosto en Italia, no encontrar\u00e1s nada mejor.","og_url":"https:\/\/www.imusiciveneziani.com\/es\/conciertos-en-agosto-en-italia-los-mejores-espectaculos-en-venecia\/","og_site_name":"I Musici Veneziani","article_published_time":"2021-09-02T13:21:44+00:00","og_image":[{"width":2560,"height":1680,"url":"https:\/\/www.imusiciveneziani.com\/wp-content\/uploads\/2021\/09\/conciertos-en-agosto-en-italia.jpg","type":"image\/jpeg"}],"author":"adminMusici","twitter_card":"summary_large_image","twitter_misc":{"Scritto da":"adminMusici","Tempo di lettura stimato":"3 minuti"},"schema":{"@context":"https:\/\/schema.org","@graph":[{"@type":"Article","@id":"https:\/\/www.imusiciveneziani.com\/es\/conciertos-en-agosto-en-italia-los-mejores-espectaculos-en-venecia\/#article","isPartOf":{"@id":"https:\/\/www.imusiciveneziani.com\/es\/conciertos-en-agosto-en-italia-los-mejores-espectaculos-en-venecia\/"},"author":{"name":"adminMusici","@id":"https:\/\/www.imusiciveneziani.com\/#\/schema\/person\/48238662f6e86f16b24e2c9c7bcb51ce"},"headline":"Conciertos en agosto en Italia: los mejores espect\u00e1culos en Venecia","datePublished":"2021-09-02T13:21:44+00:00","dateModified":"2021-09-02T13:21:44+00:00","mainEntityOfPage":{"@id":"https:\/\/www.imusiciveneziani.com\/es\/conciertos-en-agosto-en-italia-los-mejores-espectaculos-en-venecia\/"},"wordCount":513,"publisher":{"@id":"https:\/\/www.imusiciveneziani.com\/#organization"},"keywords":["antonio vivaldi","Conciertos en agosto en Italia"],"articleSection":["Blog"],"inLanguage":"it-IT"},{"@type":"WebPage","@id":"https:\/\/www.imusiciveneziani.com\/es\/conciertos-en-agosto-en-italia-los-mejores-espectaculos-en-venecia\/","url":"https:\/\/www.imusiciveneziani.com\/es\/conciertos-en-agosto-en-italia-los-mejores-espectaculos-en-venecia\/","name":"Conciertos en agosto en Italia: los mejores espect\u00e1culos en Venecia | I Musici Veneziani","isPartOf":{"@id":"https:\/\/www.imusiciveneziani.com\/#website"},"datePublished":"2021-09-02T13:21:44+00:00","dateModified":"2021-09-02T13:21:44+00:00","description":"El espect\u00e1culo Barroco y \u00d3pera es un homenaje al g\u00e9nero oper\u00edstico. Cuando se trata de conciertos en agosto en Italia, no encontrar\u00e1s nada mejor.","breadcrumb":{"@id":"https:\/\/www.imusiciveneziani.com\/es\/conciertos-en-agosto-en-italia-los-mejores-espectaculos-en-venecia\/#breadcrumb"},"inLanguage":"it-IT","potentialAction":[{"@type":"ReadAction","target":["https:\/\/www.imusiciveneziani.com\/es\/conciertos-en-agosto-en-italia-los-mejores-espectaculos-en-venecia\/"]}]},{"@type":"BreadcrumbList","@id":"https:\/\/www.imusiciveneziani.com\/es\/conciertos-en-agosto-en-italia-los-mejores-espectaculos-en-venecia\/#breadcrumb","itemListElement":[{"@type":"ListItem","position":1,"name":"Home","item":"https:\/\/www.imusiciveneziani.com\/"},{"@type":"ListItem","position":2,"name":"Conciertos en agosto en Italia: los mejores espect\u00e1culos en Venecia"}]},{"@type":"WebSite","@id":"https:\/\/www.imusiciveneziani.com\/#website","url":"https:\/\/www.imusiciveneziani.com\/","name":"I Musici Veneziani","description":"Orchestra e cantanti in costumi del XVIII secolo","publisher":{"@id":"https:\/\/www.imusiciveneziani.com\/#organization"},"potentialAction":[{"@type":"SearchAction","target":{"@type":"EntryPoint","urlTemplate":"https:\/\/www.imusiciveneziani.com\/?s={search_term_string}"},"query-input":"required name=search_term_string"}],"inLanguage":"it-IT"},{"@type":"Organization","@id":"https:\/\/www.imusiciveneziani.com\/#organization","name":"I Musici Veneziani","url":"https:\/\/www.imusiciveneziani.com\/","logo":{"@type":"ImageObject","inLanguage":"it-IT","@id":"https:\/\/www.imusiciveneziani.com\/#\/schema\/logo\/image\/","url":"https:\/\/beta.newwave-media.it\/musici\/wp-content\/uploads\/2018\/01\/logo_voucher-2.jpg","contentUrl":"https:\/\/beta.newwave-media.it\/musici\/wp-content\/uploads\/2018\/01\/logo_voucher-2.jpg","width":400,"height":200,"caption":"I Musici Veneziani"},"image":{"@id":"https:\/\/www.imusiciveneziani.com\/#\/schema\/logo\/image\/"}},{"@type":"Person","@id":"https:\/\/www.imusiciveneziani.com\/#\/schema\/person\/48238662f6e86f16b24e2c9c7bcb51ce","name":"adminMusici","image":{"@type":"ImageObject","inLanguage":"it-IT","@id":"https:\/\/www.imusiciveneziani.com\/#\/schema\/person\/image\/","url":"https:\/\/secure.gravatar.com\/avatar\/e9e24ce0c7fb2f21ea6ca24c548a0669?s=96&d=mm&r=g","contentUrl":"https:\/\/secure.gravatar.com\/avatar\/e9e24ce0c7fb2f21ea6ca24c548a0669?s=96&d=mm&r=g","caption":"adminMusici"}}]}},"_links":{"self":[{"href":"https:\/\/www.imusiciveneziani.com\/wp-json\/wp\/v2\/posts\/13368"}],"collection":[{"href":"https:\/\/www.imusiciveneziani.com\/wp-json\/wp\/v2\/posts"}],"about":[{"href":"https:\/\/www.imusiciveneziani.com\/wp-json\/wp\/v2\/types\/post"}],"author":[{"embeddable":true,"href":"https:\/\/www.imusiciveneziani.com\/wp-json\/wp\/v2\/users\/1"}],"replies":[{"embeddable":true,"href":"https:\/\/www.imusiciveneziani.com\/wp-json\/wp\/v2\/comments?post=13368"}],"version-history":[{"count":0,"href":"https:\/\/www.imusiciveneziani.com\/wp-json\/wp\/v2\/posts\/13368\/revisions"}],"wp:featuredmedia":[{"embeddable":true,"href":"https:\/\/www.imusiciveneziani.com\/wp-json\/wp\/v2\/media\/13378"}],"wp:attachment":[{"href":"https:\/\/www.imusiciveneziani.com\/wp-json\/wp\/v2\/media?parent=13368"}],"wp:term":[{"taxonomy":"category","embeddable":true,"href":"https:\/\/www.imusiciveneziani.com\/wp-json\/wp\/v2\/categories?post=13368"},{"taxonomy":"post_tag","embeddable":true,"href":"https:\/\/www.imusiciveneziani.com\/wp-json\/wp\/v2\/tags?post=13368"}],"curies":[{"name":"wp","href":"https:\/\/api.w.org\/{rel}","templated":true}]}}