{"id":13893,"date":"2021-09-29T15:20:01","date_gmt":"2021-09-29T13:20:01","guid":{"rendered":"https:\/\/www.imusiciveneziani.com\/?p=13893"},"modified":"2021-09-29T15:20:01","modified_gmt":"2021-09-29T13:20:01","slug":"arte-lirico-en-italia-el-recorrido-perfecto-para-los-amantes-del-genero","status":"publish","type":"post","link":"https:\/\/www.imusiciveneziani.com\/es\/arte-lirico-en-italia-el-recorrido-perfecto-para-los-amantes-del-genero\/","title":{"rendered":"Arte l\u00edrico en Italia: el recorrido perfecto para los amantes del g\u00e9nero"},"content":{"rendered":"<h2><b>\u00bfQu\u00e9 significa el t\u00e9rmino &#8220;arte l\u00edrico&#8221;? Algunas reflexiones generales<\/b><\/h2>\n<p>&nbsp;<\/p>\n<p><span style=\"font-weight: 400;\">La pregunta: &#8220;\u00bfQu\u00e9 es el <\/span><b>arte l\u00edrico<\/b><span style=\"font-weight: 400;\">?&#8221; nos permite dar un peque\u00f1o salto en el tiempo, para esbozar una breve historia. El t\u00e9rmino <\/span><b>l\u00edrico<\/b><span style=\"font-weight: 400;\"> se remonta a los griegos: no podemos dejar de referirnos a la poes\u00eda l\u00edrica griega, es decir, a un tipo de poes\u00eda destinada a ser cantada, cuyos versos se acompa\u00f1aban con el sonido de la lira, al igual que no podemos dejar de recordar la distinci\u00f3n esencial entre la poes\u00eda l\u00edrica coral, destinada a ser cantada por un coro, y la poes\u00eda l\u00edrica mon\u00f3dica para una sola voz.\u00a0<\/span><\/p>\n<p><span style=\"font-weight: 400;\">Posteriormente, el t\u00e9rmino poes\u00eda l\u00edrica se ha entendido como una poes\u00eda con acentos subjetivos capaz de expresar la afectividad del sujeto, sus m\u00faltiples tonos emocionales; una poes\u00eda que, de hecho, ha perdido su lado musical.<\/span><\/p>\n<p>&nbsp;<\/p>\n<h3><b>\u00bfQu\u00e9 ha pasado con la m\u00fasica? Arte l\u00edrico<\/b><\/h3>\n<p>&nbsp;<\/p>\n<p><span style=\"font-weight: 400;\">La cuesti\u00f3n surge espont\u00e1neamente, si pensamos que con el tiempo el adjetivo <\/span><b>l\u00edrico<\/b><span style=\"font-weight: 400;\"> ha quedado intr\u00ednsecamente ligado a la poes\u00eda, a la expresi\u00f3n de sentimientos subjetivos. Pero s\u00f3lo en apariencia se ha abandonado la m\u00fasica, s\u00f3lo en apariencia ha desaparecido el texto: la narraci\u00f3n es, en efecto, inseparable de la canci\u00f3n y la obra, la m\u00fasica es parte integrante de la l\u00edrica. Hoy en d\u00eda, cuando hablamos de <\/span><b>arte l\u00edrico<\/b><span style=\"font-weight: 400;\">, utilizamos esta expresi\u00f3n como sin\u00f3nimo de \u00f3pera: la canci\u00f3n se pone en escena -\u00bfrecuerda el melodrama (canto y acci\u00f3n teatral)?<\/span><\/p>\n<p><img decoding=\"async\" loading=\"lazy\" class=\"alignnone wp-image-11919 size-large\" src=\"https:\/\/www.imusiciveneziani.com\/wp-content\/uploads\/2021\/01\/edificios-famosos-de-venecia-1-1024x695.jpg\" alt=\"edificios famosos de venecia\" width=\"1024\" height=\"695\" srcset=\"https:\/\/www.imusiciveneziani.com\/wp-content\/uploads\/2021\/01\/edificios-famosos-de-venecia-1-1024x695.jpg 1024w, https:\/\/www.imusiciveneziani.com\/wp-content\/uploads\/2021\/01\/edificios-famosos-de-venecia-1-300x204.jpg 300w, https:\/\/www.imusiciveneziani.com\/wp-content\/uploads\/2021\/01\/edificios-famosos-de-venecia-1-768x522.jpg 768w, https:\/\/www.imusiciveneziani.com\/wp-content\/uploads\/2021\/01\/edificios-famosos-de-venecia-1-600x408.jpg 600w, https:\/\/www.imusiciveneziani.com\/wp-content\/uploads\/2021\/01\/edificios-famosos-de-venecia-1.jpg 1200w\" sizes=\"(max-width: 1024px) 100vw, 1024px\" \/><\/p>\n<h3><b>Venecia en el origen del arte l\u00edrico\u00a0<\/b><\/h3>\n<p>&nbsp;<\/p>\n<p><span style=\"font-weight: 400;\">Empecemos de nuevo con el melodrama. S\u00ed, porque el melodrama es el origen de la \u00f3pera y, al mismo tiempo, el paso de la m\u00fasica renacentista a la barroca y a la \u00f3pera como tal. De hecho, el arte de la \u00f3pera puede resumirse plenamente en la que quiz\u00e1 sea la primera obra maestra del <\/span><b>g\u00e9nero oper\u00edstico<\/b><span style=\"font-weight: 400;\">, el <\/span><b>Orfeo de Claudio Monteverdi<\/b><span style=\"font-weight: 400;\">. Esta &#8220;f\u00e1bula en m\u00fasica&#8221; combina, como hemos visto anteriormente, la narrativa y la m\u00fasica, abriendo as\u00ed la larga temporada de \u00f3pera. Y aqu\u00ed estamos, en Venecia, la ciudad en la que se puede decir, sin temor a equivocarse, que comenz\u00f3 y floreci\u00f3 el Barroco; al fin y al cabo, Monteverdi pas\u00f3 gran parte de su vida y compuso un gran n\u00famero de \u00f3peras en la <\/span><b>Seren\u00edsima Rep\u00fablica<\/b><span style=\"font-weight: 400;\">.<\/span><\/p>\n<p>&nbsp;<\/p>\n<h3><b>Enamorarse en Venecia&#8230; s\u00ed, \u00a1pero de la \u00f3pera!<\/b><\/h3>\n<p>&nbsp;<\/p>\n<p><span style=\"font-weight: 400;\">Entre las maravillas barrocas de Venecia se encuentra la <\/span><b>Scuola Grande di San Teodoro<\/b><span style=\"font-weight: 400;\">, donde, durante todo el a\u00f1o, se puede disfrutar de la \u00f3pera gracias al incomparable talento de la <\/span><a href=\"https:\/\/www.imusiciveneziani.com\/es\/orquesta-de-musica-clasica-como-vivir-esta-experiencia-en-venecia\/\" target=\"_blank\" rel=\"noopener noreferrer\"><span style=\"font-weight: 400;\">orquesta de I Musici Veneziani<\/span><\/a><span style=\"font-weight: 400;\">. En un marco incomparable, tendr\u00e1s la oportunidad de revivir la <\/span><b>historia musical de la \u00f3pera italiana<\/b><span style=\"font-weight: 400;\">, pero no s\u00f3lo, combinando <\/span><b>barroco y \u00f3pera<\/b><span style=\"font-weight: 400;\">. La orquesta de <\/span><b>I Musici Veneziani<\/b><span style=\"font-weight: 400;\"> es la \u00fanica orquesta que act\u00faa con <\/span><b>trajes de \u00e9poca<\/b><span style=\"font-weight: 400;\">, transport\u00e1ndote a la \u00e9poca m\u00e1s pr\u00f3spera de la Rep\u00fablica.\u00a0<\/span><\/p>\n<p>&nbsp;<\/p>\n<p><span style=\"font-weight: 400;\">Amantes de la \u00f3pera, \u00a1no olviden reservar sus entradas!<\/span><\/p>\n","protected":false},"excerpt":{"rendered":"<p>\u00bfQu\u00e9 significa el t\u00e9rmino &#8220;arte l\u00edrico&#8221;? Algunas reflexiones generales &nbsp; La pregunta: &#8220;\u00bfQu\u00e9 es el arte l\u00edrico?&#8221; nos permite dar&#8230;<\/p>\n","protected":false},"author":1,"featured_media":13889,"comment_status":"closed","ping_status":"closed","sticky":false,"template":"","format":"standard","meta":[],"categories":[173],"tags":[321,208],"acf":[],"yoast_head":"<!-- This site is optimized with the Yoast SEO plugin v21.5 - https:\/\/yoast.com\/wordpress\/plugins\/seo\/ -->\n<title>Arte l\u00edrico en Italia: el recorrido perfecto para los amantes del g\u00e9nero | I Musici Veneziani<\/title>\n<meta name=\"description\" content=\"Qu\u00e9 es el arte l\u00edrico? Se puede disfrutar de la \u00f3pera gracias al incomparable talento de la orquesta de I Musici Veneziani.\" \/>\n<meta name=\"robots\" content=\"index, follow, max-snippet:-1, max-image-preview:large, max-video-preview:-1\" \/>\n<link rel=\"canonical\" href=\"https:\/\/www.imusiciveneziani.com\/es\/arte-lirico-en-italia-el-recorrido-perfecto-para-los-amantes-del-genero\/\" \/>\n<meta property=\"og:locale\" content=\"it_IT\" \/>\n<meta property=\"og:type\" content=\"article\" \/>\n<meta property=\"og:title\" content=\"Arte l\u00edrico en Italia: el recorrido perfecto para los amantes del g\u00e9nero | I Musici Veneziani\" \/>\n<meta property=\"og:description\" content=\"Qu\u00e9 es el arte l\u00edrico? Se puede disfrutar de la \u00f3pera gracias al incomparable talento de la orquesta de I Musici Veneziani.\" \/>\n<meta property=\"og:url\" content=\"https:\/\/www.imusiciveneziani.com\/es\/arte-lirico-en-italia-el-recorrido-perfecto-para-los-amantes-del-genero\/\" \/>\n<meta property=\"og:site_name\" content=\"I Musici Veneziani\" \/>\n<meta property=\"article:published_time\" content=\"2021-09-29T13:20:01+00:00\" \/>\n<meta property=\"og:image\" content=\"https:\/\/www.imusiciveneziani.com\/wp-content\/uploads\/2021\/09\/arte-lirico-en-Italia.jpg\" \/>\n\t<meta property=\"og:image:width\" content=\"1219\" \/>\n\t<meta property=\"og:image:height\" content=\"800\" \/>\n\t<meta property=\"og:image:type\" content=\"image\/jpeg\" \/>\n<meta name=\"author\" content=\"adminMusici\" \/>\n<meta name=\"twitter:card\" content=\"summary_large_image\" \/>\n<meta name=\"twitter:label1\" content=\"Scritto da\" \/>\n\t<meta name=\"twitter:data1\" content=\"adminMusici\" \/>\n\t<meta name=\"twitter:label2\" content=\"Tempo di lettura stimato\" \/>\n\t<meta name=\"twitter:data2\" content=\"3 minuti\" \/>\n<script type=\"application\/ld+json\" class=\"yoast-schema-graph\">{\"@context\":\"https:\/\/schema.org\",\"@graph\":[{\"@type\":\"Article\",\"@id\":\"https:\/\/www.imusiciveneziani.com\/es\/arte-lirico-en-italia-el-recorrido-perfecto-para-los-amantes-del-genero\/#article\",\"isPartOf\":{\"@id\":\"https:\/\/www.imusiciveneziani.com\/es\/arte-lirico-en-italia-el-recorrido-perfecto-para-los-amantes-del-genero\/\"},\"author\":{\"name\":\"adminMusici\",\"@id\":\"https:\/\/www.imusiciveneziani.com\/#\/schema\/person\/48238662f6e86f16b24e2c9c7bcb51ce\"},\"headline\":\"Arte l\u00edrico en Italia: el recorrido perfecto para los amantes del g\u00e9nero\",\"datePublished\":\"2021-09-29T13:20:01+00:00\",\"dateModified\":\"2021-09-29T13:20:01+00:00\",\"mainEntityOfPage\":{\"@id\":\"https:\/\/www.imusiciveneziani.com\/es\/arte-lirico-en-italia-el-recorrido-perfecto-para-los-amantes-del-genero\/\"},\"wordCount\":554,\"publisher\":{\"@id\":\"https:\/\/www.imusiciveneziani.com\/#organization\"},\"keywords\":[\"arte l\u00edrico\",\"venecia\"],\"articleSection\":[\"Blog\"],\"inLanguage\":\"it-IT\"},{\"@type\":\"WebPage\",\"@id\":\"https:\/\/www.imusiciveneziani.com\/es\/arte-lirico-en-italia-el-recorrido-perfecto-para-los-amantes-del-genero\/\",\"url\":\"https:\/\/www.imusiciveneziani.com\/es\/arte-lirico-en-italia-el-recorrido-perfecto-para-los-amantes-del-genero\/\",\"name\":\"Arte l\u00edrico en Italia: el recorrido perfecto para los amantes del g\u00e9nero | I Musici Veneziani\",\"isPartOf\":{\"@id\":\"https:\/\/www.imusiciveneziani.com\/#website\"},\"datePublished\":\"2021-09-29T13:20:01+00:00\",\"dateModified\":\"2021-09-29T13:20:01+00:00\",\"description\":\"Qu\u00e9 es el arte l\u00edrico? Se puede disfrutar de la \u00f3pera gracias al incomparable talento de la orquesta de I Musici Veneziani.\",\"breadcrumb\":{\"@id\":\"https:\/\/www.imusiciveneziani.com\/es\/arte-lirico-en-italia-el-recorrido-perfecto-para-los-amantes-del-genero\/#breadcrumb\"},\"inLanguage\":\"it-IT\",\"potentialAction\":[{\"@type\":\"ReadAction\",\"target\":[\"https:\/\/www.imusiciveneziani.com\/es\/arte-lirico-en-italia-el-recorrido-perfecto-para-los-amantes-del-genero\/\"]}]},{\"@type\":\"BreadcrumbList\",\"@id\":\"https:\/\/www.imusiciveneziani.com\/es\/arte-lirico-en-italia-el-recorrido-perfecto-para-los-amantes-del-genero\/#breadcrumb\",\"itemListElement\":[{\"@type\":\"ListItem\",\"position\":1,\"name\":\"Home\",\"item\":\"https:\/\/www.imusiciveneziani.com\/\"},{\"@type\":\"ListItem\",\"position\":2,\"name\":\"Arte l\u00edrico en Italia: el recorrido perfecto para los amantes del g\u00e9nero\"}]},{\"@type\":\"WebSite\",\"@id\":\"https:\/\/www.imusiciveneziani.com\/#website\",\"url\":\"https:\/\/www.imusiciveneziani.com\/\",\"name\":\"I Musici Veneziani\",\"description\":\"Orchestra e cantanti in costumi del XVIII secolo\",\"publisher\":{\"@id\":\"https:\/\/www.imusiciveneziani.com\/#organization\"},\"potentialAction\":[{\"@type\":\"SearchAction\",\"target\":{\"@type\":\"EntryPoint\",\"urlTemplate\":\"https:\/\/www.imusiciveneziani.com\/?s={search_term_string}\"},\"query-input\":\"required name=search_term_string\"}],\"inLanguage\":\"it-IT\"},{\"@type\":\"Organization\",\"@id\":\"https:\/\/www.imusiciveneziani.com\/#organization\",\"name\":\"I Musici Veneziani\",\"url\":\"https:\/\/www.imusiciveneziani.com\/\",\"logo\":{\"@type\":\"ImageObject\",\"inLanguage\":\"it-IT\",\"@id\":\"https:\/\/www.imusiciveneziani.com\/#\/schema\/logo\/image\/\",\"url\":\"https:\/\/beta.newwave-media.it\/musici\/wp-content\/uploads\/2018\/01\/logo_voucher-2.jpg\",\"contentUrl\":\"https:\/\/beta.newwave-media.it\/musici\/wp-content\/uploads\/2018\/01\/logo_voucher-2.jpg\",\"width\":400,\"height\":200,\"caption\":\"I Musici Veneziani\"},\"image\":{\"@id\":\"https:\/\/www.imusiciveneziani.com\/#\/schema\/logo\/image\/\"}},{\"@type\":\"Person\",\"@id\":\"https:\/\/www.imusiciveneziani.com\/#\/schema\/person\/48238662f6e86f16b24e2c9c7bcb51ce\",\"name\":\"adminMusici\",\"image\":{\"@type\":\"ImageObject\",\"inLanguage\":\"it-IT\",\"@id\":\"https:\/\/www.imusiciveneziani.com\/#\/schema\/person\/image\/\",\"url\":\"https:\/\/secure.gravatar.com\/avatar\/e9e24ce0c7fb2f21ea6ca24c548a0669?s=96&d=mm&r=g\",\"contentUrl\":\"https:\/\/secure.gravatar.com\/avatar\/e9e24ce0c7fb2f21ea6ca24c548a0669?s=96&d=mm&r=g\",\"caption\":\"adminMusici\"}}]}<\/script>\n<!-- \/ Yoast SEO plugin. -->","yoast_head_json":{"title":"Arte l\u00edrico en Italia: el recorrido perfecto para los amantes del g\u00e9nero | I Musici Veneziani","description":"Qu\u00e9 es el arte l\u00edrico? Se puede disfrutar de la \u00f3pera gracias al incomparable talento de la orquesta de I Musici Veneziani.","robots":{"index":"index","follow":"follow","max-snippet":"max-snippet:-1","max-image-preview":"max-image-preview:large","max-video-preview":"max-video-preview:-1"},"canonical":"https:\/\/www.imusiciveneziani.com\/es\/arte-lirico-en-italia-el-recorrido-perfecto-para-los-amantes-del-genero\/","og_locale":"it_IT","og_type":"article","og_title":"Arte l\u00edrico en Italia: el recorrido perfecto para los amantes del g\u00e9nero | I Musici Veneziani","og_description":"Qu\u00e9 es el arte l\u00edrico? Se puede disfrutar de la \u00f3pera gracias al incomparable talento de la orquesta de I Musici Veneziani.","og_url":"https:\/\/www.imusiciveneziani.com\/es\/arte-lirico-en-italia-el-recorrido-perfecto-para-los-amantes-del-genero\/","og_site_name":"I Musici Veneziani","article_published_time":"2021-09-29T13:20:01+00:00","og_image":[{"width":1219,"height":800,"url":"https:\/\/www.imusiciveneziani.com\/wp-content\/uploads\/2021\/09\/arte-lirico-en-Italia.jpg","type":"image\/jpeg"}],"author":"adminMusici","twitter_card":"summary_large_image","twitter_misc":{"Scritto da":"adminMusici","Tempo di lettura stimato":"3 minuti"},"schema":{"@context":"https:\/\/schema.org","@graph":[{"@type":"Article","@id":"https:\/\/www.imusiciveneziani.com\/es\/arte-lirico-en-italia-el-recorrido-perfecto-para-los-amantes-del-genero\/#article","isPartOf":{"@id":"https:\/\/www.imusiciveneziani.com\/es\/arte-lirico-en-italia-el-recorrido-perfecto-para-los-amantes-del-genero\/"},"author":{"name":"adminMusici","@id":"https:\/\/www.imusiciveneziani.com\/#\/schema\/person\/48238662f6e86f16b24e2c9c7bcb51ce"},"headline":"Arte l\u00edrico en Italia: el recorrido perfecto para los amantes del g\u00e9nero","datePublished":"2021-09-29T13:20:01+00:00","dateModified":"2021-09-29T13:20:01+00:00","mainEntityOfPage":{"@id":"https:\/\/www.imusiciveneziani.com\/es\/arte-lirico-en-italia-el-recorrido-perfecto-para-los-amantes-del-genero\/"},"wordCount":554,"publisher":{"@id":"https:\/\/www.imusiciveneziani.com\/#organization"},"keywords":["arte l\u00edrico","venecia"],"articleSection":["Blog"],"inLanguage":"it-IT"},{"@type":"WebPage","@id":"https:\/\/www.imusiciveneziani.com\/es\/arte-lirico-en-italia-el-recorrido-perfecto-para-los-amantes-del-genero\/","url":"https:\/\/www.imusiciveneziani.com\/es\/arte-lirico-en-italia-el-recorrido-perfecto-para-los-amantes-del-genero\/","name":"Arte l\u00edrico en Italia: el recorrido perfecto para los amantes del g\u00e9nero | I Musici Veneziani","isPartOf":{"@id":"https:\/\/www.imusiciveneziani.com\/#website"},"datePublished":"2021-09-29T13:20:01+00:00","dateModified":"2021-09-29T13:20:01+00:00","description":"Qu\u00e9 es el arte l\u00edrico? Se puede disfrutar de la \u00f3pera gracias al incomparable talento de la orquesta de I Musici Veneziani.","breadcrumb":{"@id":"https:\/\/www.imusiciveneziani.com\/es\/arte-lirico-en-italia-el-recorrido-perfecto-para-los-amantes-del-genero\/#breadcrumb"},"inLanguage":"it-IT","potentialAction":[{"@type":"ReadAction","target":["https:\/\/www.imusiciveneziani.com\/es\/arte-lirico-en-italia-el-recorrido-perfecto-para-los-amantes-del-genero\/"]}]},{"@type":"BreadcrumbList","@id":"https:\/\/www.imusiciveneziani.com\/es\/arte-lirico-en-italia-el-recorrido-perfecto-para-los-amantes-del-genero\/#breadcrumb","itemListElement":[{"@type":"ListItem","position":1,"name":"Home","item":"https:\/\/www.imusiciveneziani.com\/"},{"@type":"ListItem","position":2,"name":"Arte l\u00edrico en Italia: el recorrido perfecto para los amantes del g\u00e9nero"}]},{"@type":"WebSite","@id":"https:\/\/www.imusiciveneziani.com\/#website","url":"https:\/\/www.imusiciveneziani.com\/","name":"I Musici Veneziani","description":"Orchestra e cantanti in costumi del XVIII secolo","publisher":{"@id":"https:\/\/www.imusiciveneziani.com\/#organization"},"potentialAction":[{"@type":"SearchAction","target":{"@type":"EntryPoint","urlTemplate":"https:\/\/www.imusiciveneziani.com\/?s={search_term_string}"},"query-input":"required name=search_term_string"}],"inLanguage":"it-IT"},{"@type":"Organization","@id":"https:\/\/www.imusiciveneziani.com\/#organization","name":"I Musici Veneziani","url":"https:\/\/www.imusiciveneziani.com\/","logo":{"@type":"ImageObject","inLanguage":"it-IT","@id":"https:\/\/www.imusiciveneziani.com\/#\/schema\/logo\/image\/","url":"https:\/\/beta.newwave-media.it\/musici\/wp-content\/uploads\/2018\/01\/logo_voucher-2.jpg","contentUrl":"https:\/\/beta.newwave-media.it\/musici\/wp-content\/uploads\/2018\/01\/logo_voucher-2.jpg","width":400,"height":200,"caption":"I Musici Veneziani"},"image":{"@id":"https:\/\/www.imusiciveneziani.com\/#\/schema\/logo\/image\/"}},{"@type":"Person","@id":"https:\/\/www.imusiciveneziani.com\/#\/schema\/person\/48238662f6e86f16b24e2c9c7bcb51ce","name":"adminMusici","image":{"@type":"ImageObject","inLanguage":"it-IT","@id":"https:\/\/www.imusiciveneziani.com\/#\/schema\/person\/image\/","url":"https:\/\/secure.gravatar.com\/avatar\/e9e24ce0c7fb2f21ea6ca24c548a0669?s=96&d=mm&r=g","contentUrl":"https:\/\/secure.gravatar.com\/avatar\/e9e24ce0c7fb2f21ea6ca24c548a0669?s=96&d=mm&r=g","caption":"adminMusici"}}]}},"_links":{"self":[{"href":"https:\/\/www.imusiciveneziani.com\/wp-json\/wp\/v2\/posts\/13893"}],"collection":[{"href":"https:\/\/www.imusiciveneziani.com\/wp-json\/wp\/v2\/posts"}],"about":[{"href":"https:\/\/www.imusiciveneziani.com\/wp-json\/wp\/v2\/types\/post"}],"author":[{"embeddable":true,"href":"https:\/\/www.imusiciveneziani.com\/wp-json\/wp\/v2\/users\/1"}],"replies":[{"embeddable":true,"href":"https:\/\/www.imusiciveneziani.com\/wp-json\/wp\/v2\/comments?post=13893"}],"version-history":[{"count":0,"href":"https:\/\/www.imusiciveneziani.com\/wp-json\/wp\/v2\/posts\/13893\/revisions"}],"wp:featuredmedia":[{"embeddable":true,"href":"https:\/\/www.imusiciveneziani.com\/wp-json\/wp\/v2\/media\/13889"}],"wp:attachment":[{"href":"https:\/\/www.imusiciveneziani.com\/wp-json\/wp\/v2\/media?parent=13893"}],"wp:term":[{"taxonomy":"category","embeddable":true,"href":"https:\/\/www.imusiciveneziani.com\/wp-json\/wp\/v2\/categories?post=13893"},{"taxonomy":"post_tag","embeddable":true,"href":"https:\/\/www.imusiciveneziani.com\/wp-json\/wp\/v2\/tags?post=13893"}],"curies":[{"name":"wp","href":"https:\/\/api.w.org\/{rel}","templated":true}]}}