{"id":11713,"date":"2020-10-15T15:12:11","date_gmt":"2020-10-15T13:12:11","guid":{"rendered":"https:\/\/www.imusiciveneziani.com\/?p=11713"},"modified":"2020-10-15T15:12:11","modified_gmt":"2020-10-15T13:12:11","slug":"pourquoi-passer-des-vacances-dhiver-en-italie","status":"publish","type":"post","link":"https:\/\/www.imusiciveneziani.com\/fr\/pourquoi-passer-des-vacances-dhiver-en-italie\/","title":{"rendered":"Pourquoi passer des vacances d&#8217;hiver en Italie?"},"content":{"rendered":"<h2><b>Voulez-vous rompre avec la routine ? Passez vos vacances d\u2019hiver en Italie<\/b><\/h2>\n<p>&nbsp;<\/p>\n<p><span style=\"font-weight: 400;\">La vie devient toujours plus stressante : le travail et la r\u00e9veille t\u00f4t le matin, l\u2019\u00e9cole des enfants, le trafic, les d\u00e9jeuners et les d\u00eeners \u2026 en bref, on a besoin d\u2019une pause, de d\u00e9tendre nos nerfs. Et alors, que faire ? Avez-vous d\u00e9j\u00e0 pens\u00e9 \u00e0 planifier vos <\/span><b>vacances d\u2019hiver en Italie<\/b><span style=\"font-weight: 400;\"> ? D\u2019apres moi c\u2019est vraiment une id\u00e9e excellente, parce que l\u2019Italie est un pays incroyable, qui vous permet d\u2019avoir une grande quantit\u00e9 de choix, \u00e0 partir de la montagne, \u00e0 la mer, jusqu\u2019\u00e0 des villes inoubliables.<\/span><\/p>\n<p>&nbsp;<\/p>\n<h3><b>Un petit conseil pour vos vacances d\u2019hiver en Italie : Venise<\/b><\/h3>\n<p>&nbsp;<\/p>\n<p><span style=\"font-weight: 400;\">En effet <\/span><b>Venise est la solution qui r\u00e9pond \u00e0 tous vos souhaits<\/b><span style=\"font-weight: 400;\"> : les Alpes ne sont pas loin \u2013 vous pouvez rejoindre la c\u00e9l\u00e8bre ville de Cortina d\u2019Ampezzo en deux heures en voiture ; la mer est une partie int\u00e9grante de la ville de Venise \u2013 tout le monde sait que Venise s\u2019\u00e9l\u00e8ve sur une lagune ; et en ce qui concerne l\u2019art ? Faut-il encore en parler ? Si vous aimez l\u2019art, il faut que vous passiez vos <\/span><b>vacances d\u2019hiver en Italie<\/b><span style=\"font-weight: 400;\"> \u00e0 Venise.<\/span><\/p>\n<p>&nbsp;<\/p>\n<h3><b>Le nouvel an \u00e0 Venise : vos vacances d\u2019hiver en Italie deviennent un r\u00eave<\/b><\/h3>\n<p><img decoding=\"async\" loading=\"lazy\" class=\"alignnone wp-image-10961 size-full\" src=\"https:\/\/www.imusiciveneziani.com\/wp-content\/uploads\/2020\/05\/que-faire-la-nuit-a-venise.jpg\" alt=\"que faire la nuit a venise\" width=\"1200\" height=\"801\" srcset=\"https:\/\/www.imusiciveneziani.com\/wp-content\/uploads\/2020\/05\/que-faire-la-nuit-a-venise.jpg 1200w, https:\/\/www.imusiciveneziani.com\/wp-content\/uploads\/2020\/05\/que-faire-la-nuit-a-venise-300x200.jpg 300w, https:\/\/www.imusiciveneziani.com\/wp-content\/uploads\/2020\/05\/que-faire-la-nuit-a-venise-1024x684.jpg 1024w, https:\/\/www.imusiciveneziani.com\/wp-content\/uploads\/2020\/05\/que-faire-la-nuit-a-venise-768x513.jpg 768w, https:\/\/www.imusiciveneziani.com\/wp-content\/uploads\/2020\/05\/que-faire-la-nuit-a-venise-600x401.jpg 600w\" sizes=\"(max-width: 1200px) 100vw, 1200px\" \/><\/p>\n<p><span style=\"font-weight: 400;\">Prenez quatre ou cinq jours pour profiter de l&#8217;atmosph\u00e8re festive que Venise a \u00e0 offrir : le tour des \u00ab bacari \u00bb (des petits endroits typiques pour boire un verre de vin et manger) ou les tavernes de Cannaregio et San Polo ; les feux d\u2019artifice sur Piazza San Marco, qui illuminent le bassin. Vous pouvez vous perdre dans les \u00ab calli \u00bb, les petites rues qui passent \u00e0 travers les b\u00e2timents, fascin\u00e9s par les lumi\u00e8res et par leurs reflets. Et si vous voulez couronner vos <\/span><b>vacances d\u2019hiver en Italie<\/b><span style=\"font-weight: 400;\">, offrez-vous une soir\u00e9e inoubliable gr\u00e2ce au <\/span><a href=\"https:\/\/www.imusiciveneziani.com\/fr\/pourquoi-et-ou-voir-le-concert-du-nouvel-an-a-venise\/\" target=\"_blank\" rel=\"noopener noreferrer\"><b>Concert du Nouvel An<\/b><\/a> <span style=\"font-weight: 400;\">pr\u00e8s de la <\/span><b>Scuola Grande di San Teodoro.<\/b><\/p>\n<p>&nbsp;<\/p>\n<h3><b>Une alternative qui laisse sans voix, si vous d\u00e9cidez de passer vos vacances d\u2019hiver en Italie<\/b><\/h3>\n<p>&nbsp;<\/p>\n<p><span style=\"font-weight: 400;\">\u00c9videmment je parle du <\/span><b>Carnaval de Venise<\/b><span style=\"font-weight: 400;\">, qui a lieu chaque ann\u00e9e, les jours pr\u00e9c\u00e9dant la Car\u00eame. Il s\u2019agit de la r\u00e9interpr\u00e9tation m\u00e9di\u00e9val des c\u00e9l\u00e9brations gr\u00e9co-romaines : pendant une certaine p\u00e9riode de l&#8217;ann\u00e9e, la population de Venise pouvait donner libre cours \u00e0 ses passions, retenues par la rigueur morale de la R\u00e9publique. Aujourd\u2019hui vous pouvez admirer les d\u00e9fil\u00e9s de masques le long les \u00ab calli \u00bb jusqu\u2019\u00e0 l\u2019incroyable spectacle de Piazza San Marco et \u00e0 la \u00ab tache color\u00e9e \u00bb qui l\u2019anime. Vos <\/span><b>vacances d\u2019hiver en Italie<\/b><span style=\"font-weight: 400;\"> ne pourraient pas mieux se terminer. Ou peut-\u00eatre que si \u2026 n\u2019oubliez pas le <\/span><b>Concert du Carnaval de Venise<\/b><span style=\"font-weight: 400;\"> jou\u00e9 par <\/span><b>l\u2019orchestre en costumes d\u2019\u00e9poque<\/b><span style=\"font-weight: 400;\"> de <\/span><a href=\"https:\/\/www.imusiciveneziani.com\/fr\/\" target=\"_blank\" rel=\"noopener noreferrer\"><b>I Musici Veneziani<\/b><\/a><span style=\"font-weight: 400;\">.<\/span><\/p>\n<p>&nbsp;<\/p>\n<p><span style=\"font-weight: 400;\">Je n\u2019ai qu\u2019\u00e0 vous souhaiter :\u00ab Bonnes <\/span><b>vacances d\u2019hiver en Italie <\/b><span style=\"font-weight: 400;\">! \u00bb\u00a0\u00a0<\/span><\/p>\n","protected":false},"excerpt":{"rendered":"<p>Voulez-vous rompre avec la routine ? Passez vos vacances d\u2019hiver en Italie &nbsp; La vie devient toujours plus stressante :&#8230;<\/p>\n","protected":false},"author":1,"featured_media":11714,"comment_status":"closed","ping_status":"closed","sticky":false,"template":"","format":"standard","meta":[],"categories":[168],"tags":[231,230,229,213],"acf":[],"yoast_head":"<!-- This site is optimized with the Yoast SEO plugin v21.5 - https:\/\/yoast.com\/wordpress\/plugins\/seo\/ -->\n<title>Pourquoi passer des vacances d&#039;hiver en Italie? | I Musici Veneziani<\/title>\n<meta name=\"description\" content=\"Si vous voulez couronner vos vacances d\u2019hiver en Italie, offrez-vous une soir\u00e9e inoubliable gr\u00e2ce au concert d&#039;I Musici Veneziani.\" \/>\n<meta name=\"robots\" content=\"index, follow, max-snippet:-1, max-image-preview:large, max-video-preview:-1\" \/>\n<link rel=\"canonical\" href=\"https:\/\/www.imusiciveneziani.com\/fr\/pourquoi-passer-des-vacances-dhiver-en-italie\/\" \/>\n<meta property=\"og:locale\" content=\"it_IT\" \/>\n<meta property=\"og:type\" content=\"article\" \/>\n<meta property=\"og:title\" content=\"Pourquoi passer des vacances d&#039;hiver en Italie? | I Musici Veneziani\" \/>\n<meta property=\"og:description\" content=\"Si vous voulez couronner vos vacances d\u2019hiver en Italie, offrez-vous une soir\u00e9e inoubliable gr\u00e2ce au concert d&#039;I Musici Veneziani.\" \/>\n<meta property=\"og:url\" content=\"https:\/\/www.imusiciveneziani.com\/fr\/pourquoi-passer-des-vacances-dhiver-en-italie\/\" \/>\n<meta property=\"og:site_name\" content=\"I Musici Veneziani\" \/>\n<meta property=\"article:published_time\" content=\"2020-10-15T13:12:11+00:00\" \/>\n<meta property=\"og:image\" content=\"https:\/\/www.imusiciveneziani.com\/wp-content\/uploads\/2020\/10\/vacances-d-hiver-en-italie.jpg\" \/>\n\t<meta property=\"og:image:width\" content=\"1200\" \/>\n\t<meta property=\"og:image:height\" content=\"800\" \/>\n\t<meta property=\"og:image:type\" content=\"image\/jpeg\" \/>\n<meta name=\"author\" content=\"adminMusici\" \/>\n<meta name=\"twitter:card\" content=\"summary_large_image\" \/>\n<meta name=\"twitter:label1\" content=\"Scritto da\" \/>\n\t<meta name=\"twitter:data1\" content=\"adminMusici\" \/>\n\t<meta name=\"twitter:label2\" content=\"Tempo di lettura stimato\" \/>\n\t<meta name=\"twitter:data2\" content=\"2 minuti\" \/>\n<script type=\"application\/ld+json\" class=\"yoast-schema-graph\">{\"@context\":\"https:\/\/schema.org\",\"@graph\":[{\"@type\":\"Article\",\"@id\":\"https:\/\/www.imusiciveneziani.com\/fr\/pourquoi-passer-des-vacances-dhiver-en-italie\/#article\",\"isPartOf\":{\"@id\":\"https:\/\/www.imusiciveneziani.com\/fr\/pourquoi-passer-des-vacances-dhiver-en-italie\/\"},\"author\":{\"name\":\"adminMusici\",\"@id\":\"https:\/\/www.imusiciveneziani.com\/#\/schema\/person\/48238662f6e86f16b24e2c9c7bcb51ce\"},\"headline\":\"Pourquoi passer des vacances d&#8217;hiver en Italie?\",\"datePublished\":\"2020-10-15T13:12:11+00:00\",\"dateModified\":\"2020-10-15T13:12:11+00:00\",\"mainEntityOfPage\":{\"@id\":\"https:\/\/www.imusiciveneziani.com\/fr\/pourquoi-passer-des-vacances-dhiver-en-italie\/\"},\"wordCount\":509,\"publisher\":{\"@id\":\"https:\/\/www.imusiciveneziani.com\/#organization\"},\"keywords\":[\"Carnaval\",\"Concert du Nouvel An\",\"vacances d\u2019hiver en Italie\",\"Venise\"],\"articleSection\":[\"Blog\"],\"inLanguage\":\"it-IT\"},{\"@type\":\"WebPage\",\"@id\":\"https:\/\/www.imusiciveneziani.com\/fr\/pourquoi-passer-des-vacances-dhiver-en-italie\/\",\"url\":\"https:\/\/www.imusiciveneziani.com\/fr\/pourquoi-passer-des-vacances-dhiver-en-italie\/\",\"name\":\"Pourquoi passer des vacances d'hiver en Italie? | I Musici Veneziani\",\"isPartOf\":{\"@id\":\"https:\/\/www.imusiciveneziani.com\/#website\"},\"datePublished\":\"2020-10-15T13:12:11+00:00\",\"dateModified\":\"2020-10-15T13:12:11+00:00\",\"description\":\"Si vous voulez couronner vos vacances d\u2019hiver en Italie, offrez-vous une soir\u00e9e inoubliable gr\u00e2ce au concert d'I Musici Veneziani.\",\"breadcrumb\":{\"@id\":\"https:\/\/www.imusiciveneziani.com\/fr\/pourquoi-passer-des-vacances-dhiver-en-italie\/#breadcrumb\"},\"inLanguage\":\"it-IT\",\"potentialAction\":[{\"@type\":\"ReadAction\",\"target\":[\"https:\/\/www.imusiciveneziani.com\/fr\/pourquoi-passer-des-vacances-dhiver-en-italie\/\"]}]},{\"@type\":\"BreadcrumbList\",\"@id\":\"https:\/\/www.imusiciveneziani.com\/fr\/pourquoi-passer-des-vacances-dhiver-en-italie\/#breadcrumb\",\"itemListElement\":[{\"@type\":\"ListItem\",\"position\":1,\"name\":\"Home\",\"item\":\"https:\/\/www.imusiciveneziani.com\/\"},{\"@type\":\"ListItem\",\"position\":2,\"name\":\"Pourquoi passer des vacances d&#8217;hiver en Italie?\"}]},{\"@type\":\"WebSite\",\"@id\":\"https:\/\/www.imusiciveneziani.com\/#website\",\"url\":\"https:\/\/www.imusiciveneziani.com\/\",\"name\":\"I Musici Veneziani\",\"description\":\"Orchestra e cantanti in costumi del XVIII secolo\",\"publisher\":{\"@id\":\"https:\/\/www.imusiciveneziani.com\/#organization\"},\"potentialAction\":[{\"@type\":\"SearchAction\",\"target\":{\"@type\":\"EntryPoint\",\"urlTemplate\":\"https:\/\/www.imusiciveneziani.com\/?s={search_term_string}\"},\"query-input\":\"required name=search_term_string\"}],\"inLanguage\":\"it-IT\"},{\"@type\":\"Organization\",\"@id\":\"https:\/\/www.imusiciveneziani.com\/#organization\",\"name\":\"I Musici Veneziani\",\"url\":\"https:\/\/www.imusiciveneziani.com\/\",\"logo\":{\"@type\":\"ImageObject\",\"inLanguage\":\"it-IT\",\"@id\":\"https:\/\/www.imusiciveneziani.com\/#\/schema\/logo\/image\/\",\"url\":\"https:\/\/beta.newwave-media.it\/musici\/wp-content\/uploads\/2018\/01\/logo_voucher-2.jpg\",\"contentUrl\":\"https:\/\/beta.newwave-media.it\/musici\/wp-content\/uploads\/2018\/01\/logo_voucher-2.jpg\",\"width\":400,\"height\":200,\"caption\":\"I Musici Veneziani\"},\"image\":{\"@id\":\"https:\/\/www.imusiciveneziani.com\/#\/schema\/logo\/image\/\"}},{\"@type\":\"Person\",\"@id\":\"https:\/\/www.imusiciveneziani.com\/#\/schema\/person\/48238662f6e86f16b24e2c9c7bcb51ce\",\"name\":\"adminMusici\",\"image\":{\"@type\":\"ImageObject\",\"inLanguage\":\"it-IT\",\"@id\":\"https:\/\/www.imusiciveneziani.com\/#\/schema\/person\/image\/\",\"url\":\"https:\/\/secure.gravatar.com\/avatar\/e9e24ce0c7fb2f21ea6ca24c548a0669?s=96&d=mm&r=g\",\"contentUrl\":\"https:\/\/secure.gravatar.com\/avatar\/e9e24ce0c7fb2f21ea6ca24c548a0669?s=96&d=mm&r=g\",\"caption\":\"adminMusici\"}}]}<\/script>\n<!-- \/ Yoast SEO plugin. -->","yoast_head_json":{"title":"Pourquoi passer des vacances d'hiver en Italie? | I Musici Veneziani","description":"Si vous voulez couronner vos vacances d\u2019hiver en Italie, offrez-vous une soir\u00e9e inoubliable gr\u00e2ce au concert d'I Musici Veneziani.","robots":{"index":"index","follow":"follow","max-snippet":"max-snippet:-1","max-image-preview":"max-image-preview:large","max-video-preview":"max-video-preview:-1"},"canonical":"https:\/\/www.imusiciveneziani.com\/fr\/pourquoi-passer-des-vacances-dhiver-en-italie\/","og_locale":"it_IT","og_type":"article","og_title":"Pourquoi passer des vacances d'hiver en Italie? | I Musici Veneziani","og_description":"Si vous voulez couronner vos vacances d\u2019hiver en Italie, offrez-vous une soir\u00e9e inoubliable gr\u00e2ce au concert d'I Musici Veneziani.","og_url":"https:\/\/www.imusiciveneziani.com\/fr\/pourquoi-passer-des-vacances-dhiver-en-italie\/","og_site_name":"I Musici Veneziani","article_published_time":"2020-10-15T13:12:11+00:00","og_image":[{"width":1200,"height":800,"url":"https:\/\/www.imusiciveneziani.com\/wp-content\/uploads\/2020\/10\/vacances-d-hiver-en-italie.jpg","type":"image\/jpeg"}],"author":"adminMusici","twitter_card":"summary_large_image","twitter_misc":{"Scritto da":"adminMusici","Tempo di lettura stimato":"2 minuti"},"schema":{"@context":"https:\/\/schema.org","@graph":[{"@type":"Article","@id":"https:\/\/www.imusiciveneziani.com\/fr\/pourquoi-passer-des-vacances-dhiver-en-italie\/#article","isPartOf":{"@id":"https:\/\/www.imusiciveneziani.com\/fr\/pourquoi-passer-des-vacances-dhiver-en-italie\/"},"author":{"name":"adminMusici","@id":"https:\/\/www.imusiciveneziani.com\/#\/schema\/person\/48238662f6e86f16b24e2c9c7bcb51ce"},"headline":"Pourquoi passer des vacances d&#8217;hiver en Italie?","datePublished":"2020-10-15T13:12:11+00:00","dateModified":"2020-10-15T13:12:11+00:00","mainEntityOfPage":{"@id":"https:\/\/www.imusiciveneziani.com\/fr\/pourquoi-passer-des-vacances-dhiver-en-italie\/"},"wordCount":509,"publisher":{"@id":"https:\/\/www.imusiciveneziani.com\/#organization"},"keywords":["Carnaval","Concert du Nouvel An","vacances d\u2019hiver en Italie","Venise"],"articleSection":["Blog"],"inLanguage":"it-IT"},{"@type":"WebPage","@id":"https:\/\/www.imusiciveneziani.com\/fr\/pourquoi-passer-des-vacances-dhiver-en-italie\/","url":"https:\/\/www.imusiciveneziani.com\/fr\/pourquoi-passer-des-vacances-dhiver-en-italie\/","name":"Pourquoi passer des vacances d'hiver en Italie? | I Musici Veneziani","isPartOf":{"@id":"https:\/\/www.imusiciveneziani.com\/#website"},"datePublished":"2020-10-15T13:12:11+00:00","dateModified":"2020-10-15T13:12:11+00:00","description":"Si vous voulez couronner vos vacances d\u2019hiver en Italie, offrez-vous une soir\u00e9e inoubliable gr\u00e2ce au concert d'I Musici Veneziani.","breadcrumb":{"@id":"https:\/\/www.imusiciveneziani.com\/fr\/pourquoi-passer-des-vacances-dhiver-en-italie\/#breadcrumb"},"inLanguage":"it-IT","potentialAction":[{"@type":"ReadAction","target":["https:\/\/www.imusiciveneziani.com\/fr\/pourquoi-passer-des-vacances-dhiver-en-italie\/"]}]},{"@type":"BreadcrumbList","@id":"https:\/\/www.imusiciveneziani.com\/fr\/pourquoi-passer-des-vacances-dhiver-en-italie\/#breadcrumb","itemListElement":[{"@type":"ListItem","position":1,"name":"Home","item":"https:\/\/www.imusiciveneziani.com\/"},{"@type":"ListItem","position":2,"name":"Pourquoi passer des vacances d&#8217;hiver en Italie?"}]},{"@type":"WebSite","@id":"https:\/\/www.imusiciveneziani.com\/#website","url":"https:\/\/www.imusiciveneziani.com\/","name":"I Musici Veneziani","description":"Orchestra e cantanti in costumi del XVIII secolo","publisher":{"@id":"https:\/\/www.imusiciveneziani.com\/#organization"},"potentialAction":[{"@type":"SearchAction","target":{"@type":"EntryPoint","urlTemplate":"https:\/\/www.imusiciveneziani.com\/?s={search_term_string}"},"query-input":"required name=search_term_string"}],"inLanguage":"it-IT"},{"@type":"Organization","@id":"https:\/\/www.imusiciveneziani.com\/#organization","name":"I Musici Veneziani","url":"https:\/\/www.imusiciveneziani.com\/","logo":{"@type":"ImageObject","inLanguage":"it-IT","@id":"https:\/\/www.imusiciveneziani.com\/#\/schema\/logo\/image\/","url":"https:\/\/beta.newwave-media.it\/musici\/wp-content\/uploads\/2018\/01\/logo_voucher-2.jpg","contentUrl":"https:\/\/beta.newwave-media.it\/musici\/wp-content\/uploads\/2018\/01\/logo_voucher-2.jpg","width":400,"height":200,"caption":"I Musici Veneziani"},"image":{"@id":"https:\/\/www.imusiciveneziani.com\/#\/schema\/logo\/image\/"}},{"@type":"Person","@id":"https:\/\/www.imusiciveneziani.com\/#\/schema\/person\/48238662f6e86f16b24e2c9c7bcb51ce","name":"adminMusici","image":{"@type":"ImageObject","inLanguage":"it-IT","@id":"https:\/\/www.imusiciveneziani.com\/#\/schema\/person\/image\/","url":"https:\/\/secure.gravatar.com\/avatar\/e9e24ce0c7fb2f21ea6ca24c548a0669?s=96&d=mm&r=g","contentUrl":"https:\/\/secure.gravatar.com\/avatar\/e9e24ce0c7fb2f21ea6ca24c548a0669?s=96&d=mm&r=g","caption":"adminMusici"}}]}},"_links":{"self":[{"href":"https:\/\/www.imusiciveneziani.com\/wp-json\/wp\/v2\/posts\/11713"}],"collection":[{"href":"https:\/\/www.imusiciveneziani.com\/wp-json\/wp\/v2\/posts"}],"about":[{"href":"https:\/\/www.imusiciveneziani.com\/wp-json\/wp\/v2\/types\/post"}],"author":[{"embeddable":true,"href":"https:\/\/www.imusiciveneziani.com\/wp-json\/wp\/v2\/users\/1"}],"replies":[{"embeddable":true,"href":"https:\/\/www.imusiciveneziani.com\/wp-json\/wp\/v2\/comments?post=11713"}],"version-history":[{"count":0,"href":"https:\/\/www.imusiciveneziani.com\/wp-json\/wp\/v2\/posts\/11713\/revisions"}],"wp:featuredmedia":[{"embeddable":true,"href":"https:\/\/www.imusiciveneziani.com\/wp-json\/wp\/v2\/media\/11714"}],"wp:attachment":[{"href":"https:\/\/www.imusiciveneziani.com\/wp-json\/wp\/v2\/media?parent=11713"}],"wp:term":[{"taxonomy":"category","embeddable":true,"href":"https:\/\/www.imusiciveneziani.com\/wp-json\/wp\/v2\/categories?post=11713"},{"taxonomy":"post_tag","embeddable":true,"href":"https:\/\/www.imusiciveneziani.com\/wp-json\/wp\/v2\/tags?post=11713"}],"curies":[{"name":"wp","href":"https:\/\/api.w.org\/{rel}","templated":true}]}}