{"id":12228,"date":"2021-05-21T14:58:03","date_gmt":"2021-05-21T12:58:03","guid":{"rendered":"https:\/\/www.imusiciveneziani.com\/?p=12228"},"modified":"2022-12-22T16:10:37","modified_gmt":"2022-12-22T15:10:37","slug":"decouvrez-venise-en-italie-partez-de-la-tradition-musicale-classique-operatique","status":"publish","type":"post","link":"https:\/\/www.imusiciveneziani.com\/fr\/decouvrez-venise-en-italie-partez-de-la-tradition-musicale-classique-operatique\/","title":{"rendered":"D\u00e9couvrez Venise en Italie : partez de la tradition musicale classique-op\u00e9ratique !"},"content":{"rendered":"<h2><b>D\u00e9couvrez Venise \u00e0 travers l\u2019histoire de la musique<\/b><\/h2>\n<p>&nbsp;<\/p>\n<p><span style=\"font-weight: 400;\">En effet toute la ville r\u00e9sonne de musique car l\u2019histoire de Venise s&#8217;entrelace avec l&#8217;histoire de la musique d&#8217;op\u00e9ra : on ne peut imaginer la Venise baroque sans la grandeur de sa musique. <\/span><b>Claudio Monteverdi<\/b><span style=\"font-weight: 400;\">, le c\u00e9l\u00e8bre compositeur de Cr\u00e9mone, qui a marqu\u00e9 la transition entre la musique de la Renaissance et la musique baroque, apr\u00e8s son s\u00e9jour \u00e0 Mantoue \u00e0 la cour de la famille Gonzague, a trouv\u00e9 \u00e0 Venise le lieu id\u00e9al pour sa production musicale. La premi\u00e8re repr\u00e9sentation de \u00ab <\/span><b>Le<\/b> <b>combat de Tancr\u00e8de et Clorinde <\/b><span style=\"font-weight: 400;\">\u00bb a eu lieu au Palazzo Mocenigo en 1624. <\/span><b>D\u00e9couvrez Venise en Italie<\/b><span style=\"font-weight: 400;\"> en suivant les notes de la tradition musicale italienne.<\/span><\/p>\n<p>&nbsp;<\/p>\n<h3><b>Un peu d&#8217;histoire de l&#8217;op\u00e9ra pour d\u00e9couvrir Venise en quatre jours<\/b><\/h3>\n<p>&nbsp;<\/p>\n<p><span style=\"font-weight: 400;\">Juste en partant de l&#8217;exemple de Monteverdi et de l&#8217;ex\u00e9cution de son madrigal en 1624, on peut commencer \u00e0 observer comment les <\/span><a href=\"https:\/\/www.imusiciveneziani.com\/fr\/batiments-celebres-de-venise-les-5-plus-beaux-a-visiter\/\" target=\"_blank\" rel=\"noopener noreferrer\"><span style=\"font-weight: 400;\">b\u00e2timents c\u00e9l\u00e8bres de Venise<\/span><\/a><span style=\"font-weight: 400;\"> constituent l&#8217;espace privil\u00e9gi\u00e9 pour accueillir l&#8217;\u0153uvre des plus grands artistes, afin d&#8217;accro\u00eetre la renomm\u00e9e d&#8217;une famille en cr\u00e9ant des moments de partage somptueux. Il faut \u00e9galement noter que, \u00e0 partir de la reconstruction du th\u00e9\u00e2tre de S. Cassiano par la famille Tron en 1637, 16 th\u00e9\u00e2tres ont \u00e9t\u00e9 construits en peu de temps. Alors pour <\/span><b>d\u00e9couvrir Venise en quatre jours<\/b><span style=\"font-weight: 400;\">, vous pouvez faire le <\/span><b>tour de ses th\u00e9\u00e2tres<\/b><span style=\"font-weight: 400;\">, en d\u00e9couvrant une partie importante et peut-\u00eatre peu connue de son histoire.<\/span><\/p>\n<p>&nbsp;<\/p>\n<h3><b>Saviez-vous que&#8230; ? D\u00e9couvrez tous les secrets de Venise<\/b><\/h3>\n<p><img decoding=\"async\" loading=\"lazy\" class=\"alignnone wp-image-11904 size-full\" src=\"https:\/\/www.imusiciveneziani.com\/wp-content\/uploads\/2021\/01\/batiments-de-Venise-1.jpg\" alt=\"batiments de Venise\" width=\"1200\" height=\"815\" srcset=\"https:\/\/www.imusiciveneziani.com\/wp-content\/uploads\/2021\/01\/batiments-de-Venise-1.jpg 1200w, https:\/\/www.imusiciveneziani.com\/wp-content\/uploads\/2021\/01\/batiments-de-Venise-1-300x204.jpg 300w, https:\/\/www.imusiciveneziani.com\/wp-content\/uploads\/2021\/01\/batiments-de-Venise-1-1024x695.jpg 1024w, https:\/\/www.imusiciveneziani.com\/wp-content\/uploads\/2021\/01\/batiments-de-Venise-1-768x522.jpg 768w, https:\/\/www.imusiciveneziani.com\/wp-content\/uploads\/2021\/01\/batiments-de-Venise-1-600x408.jpg 600w\" sizes=\"(max-width: 1200px) 100vw, 1200px\" \/><\/p>\n<p><span style=\"font-weight: 400;\">Un petit mais \u00e9l\u00e9gant th\u00e9\u00e2tre v\u00e9nitien, le <\/span><b>San Mois\u00e8<\/b><span style=\"font-weight: 400;\">, a accueilli les \u0153uvres de, entre autres, <\/span><b>Vivaldi<\/b><span style=\"font-weight: 400;\">, <\/span><b>Albinoni<\/b><span style=\"font-weight: 400;\"> et <\/span><b>Gioacchino Rossini<\/b><span style=\"font-weight: 400;\">. Ce dernier, qui y a fait ses d\u00e9buts \u00e0 l&#8217;\u00e2ge de dix-huit ans, a connu un tel succ\u00e8s que Stendhal a d\u00e9clar\u00e9 que m\u00eame la pr\u00e9sence de Napol\u00e9on ne pourrait d\u00e9tourner le public de Rossini.\u00a0<\/span><\/p>\n<p><span style=\"font-weight: 400;\">Et que dire de la relation controvers\u00e9e entre <\/span><b>Giuseppe Verdi<\/b><span style=\"font-weight: 400;\"> et le th\u00e9\u00e2tre <\/span><b>La Fenice<\/b><span style=\"font-weight: 400;\"> ? Par exemple, la premi\u00e8re de <\/span><b>Rigoletto<\/b><span style=\"font-weight: 400;\">, en 1851, fut un succ\u00e8s triomphal alors que la premi\u00e8re de <\/span><b>La Traviata<\/b><span style=\"font-weight: 400;\">, en 1853, fut un fiasco retentissant au point que Verdi ne pouvait dire si c&#8217;\u00e9tait sa faute ou celle des chanteurs.\u00a0<\/span><\/p>\n<p><b>D\u00e9couvrez Venise en Italie <\/b><span style=\"font-weight: 400;\">gr\u00e2ce \u00e0 la musique qui a caract\u00e9ris\u00e9 l\u2019histoire de la <\/span><b>S\u00e9r\u00e9nissime<\/b><span style=\"font-weight: 400;\"> &#8211; et plus en g\u00e9n\u00e9ral de l&#8217;Italie &#8211;\u00a0 et vous ferez un v\u00e9ritable tour \u00e0 travers ses beaut\u00e9s.<\/span><\/p>\n<p>&nbsp;<\/p>\n<h3><b>D\u00e9couvrez Venise en Italie en commen\u00e7ant par le XVIIIe si\u00e8cle<\/b><\/h3>\n<p>&nbsp;<\/p>\n<p><span style=\"font-weight: 400;\">En effet vous avez la chance d&#8217;assister \u00e0 un spectacle formidable dans un lieu magique : <\/span><b>I Musici Veneziani <\/b><span style=\"font-weight: 400;\">\u00e0 la<\/span><b> Scuola Grande di San Teodoro<\/b><span style=\"font-weight: 400;\">. Il s&#8217;agit d&#8217;un <\/span><b>orchestre en costumes d&#8217;\u00e9poque<\/b><span style=\"font-weight: 400;\"> qui vous fera voyager dans le temps \u00e0 travers les airs d&#8217;op\u00e9ra les plus c\u00e9l\u00e8bres, pas seulement italiens. Et l&#8217;endroit ? Eh bien, c&#8217;est inoubliable ! Le b\u00e2timent de la <\/span><b>Scuola Grande di San Teodoro<\/b><span style=\"font-weight: 400;\">, construit au tournant des XVIe et XVIIe si\u00e8cles, est un exemple extraordinaire d&#8217;architecture baroque classique &#8211; l&#8217;\u00e2ge d&#8217;or de la <\/span><b>R\u00e9publique<\/b><span style=\"font-weight: 400;\"> en musique et en architecture.\u00a0\u00a0<\/span><\/p>\n<p><b>D\u00e9couvrez Venise en Italie <\/b><span style=\"font-weight: 400;\">\u00e0 travers sa tradition musicale, r\u00e9servez vos billets pour le <\/span><a href=\"https:\/\/www.imusiciveneziani.com\/fr\/spectacles\/\" target=\"_blank\" rel=\"noopener noreferrer\"><span style=\"font-weight: 400;\">spectacle de I Musici Veneziani<\/span><\/a><span style=\"font-weight: 400;\">. Vous ne le regretterez pas !<\/span><\/p>\n<p>&nbsp;<\/p>\n","protected":false},"excerpt":{"rendered":"<p>D\u00e9couvrez Venise \u00e0 travers l\u2019histoire de la musique &nbsp; En effet toute la ville r\u00e9sonne de musique car l\u2019histoire de&#8230;<\/p>\n","protected":false},"author":1,"featured_media":11855,"comment_status":"closed","ping_status":"closed","sticky":false,"template":"","format":"standard","meta":[],"categories":[168],"tags":[292,291,290,213,259],"acf":[],"yoast_head":"<!-- This site is optimized with the Yoast SEO plugin v21.5 - https:\/\/yoast.com\/wordpress\/plugins\/seo\/ -->\n<title>D\u00e9couvrez Venise en Italie : partez de la tradition musicale classique-op\u00e9ratique ! | I Musici Veneziani<\/title>\n<meta name=\"description\" content=\"D\u00e9couvrez Venise en Italie en suivant les notes de la tradition musicale italienne pour le concert I Musici Veneziani\" \/>\n<meta name=\"robots\" content=\"index, follow, max-snippet:-1, max-image-preview:large, max-video-preview:-1\" \/>\n<link rel=\"canonical\" href=\"https:\/\/www.imusiciveneziani.com\/fr\/decouvrez-venise-en-italie-partez-de-la-tradition-musicale-classique-operatique\/\" \/>\n<meta property=\"og:locale\" content=\"it_IT\" \/>\n<meta property=\"og:type\" content=\"article\" \/>\n<meta property=\"og:title\" content=\"D\u00e9couvrez Venise en Italie : partez de la tradition musicale classique-op\u00e9ratique ! | I Musici Veneziani\" \/>\n<meta property=\"og:description\" content=\"D\u00e9couvrez Venise en Italie en suivant les notes de la tradition musicale italienne pour le concert I Musici Veneziani\" \/>\n<meta property=\"og:url\" content=\"https:\/\/www.imusiciveneziani.com\/fr\/decouvrez-venise-en-italie-partez-de-la-tradition-musicale-classique-operatique\/\" \/>\n<meta property=\"og:site_name\" content=\"I Musici Veneziani\" \/>\n<meta property=\"article:published_time\" content=\"2021-05-21T12:58:03+00:00\" \/>\n<meta property=\"article:modified_time\" content=\"2022-12-22T15:10:37+00:00\" \/>\n<meta property=\"og:image\" content=\"https:\/\/www.imusiciveneziani.com\/wp-content\/uploads\/2021\/01\/edificios-famosos-de-venecia.jpg\" \/>\n\t<meta property=\"og:image:width\" content=\"1024\" \/>\n\t<meta property=\"og:image:height\" content=\"678\" \/>\n\t<meta property=\"og:image:type\" content=\"image\/jpeg\" \/>\n<meta name=\"author\" content=\"adminMusici\" \/>\n<meta name=\"twitter:card\" content=\"summary_large_image\" \/>\n<meta name=\"twitter:label1\" content=\"Scritto da\" \/>\n\t<meta name=\"twitter:data1\" content=\"adminMusici\" \/>\n\t<meta name=\"twitter:label2\" content=\"Tempo di lettura stimato\" \/>\n\t<meta name=\"twitter:data2\" content=\"3 minuti\" \/>\n<script type=\"application\/ld+json\" class=\"yoast-schema-graph\">{\"@context\":\"https:\/\/schema.org\",\"@graph\":[{\"@type\":\"Article\",\"@id\":\"https:\/\/www.imusiciveneziani.com\/fr\/decouvrez-venise-en-italie-partez-de-la-tradition-musicale-classique-operatique\/#article\",\"isPartOf\":{\"@id\":\"https:\/\/www.imusiciveneziani.com\/fr\/decouvrez-venise-en-italie-partez-de-la-tradition-musicale-classique-operatique\/\"},\"author\":{\"name\":\"adminMusici\",\"@id\":\"https:\/\/www.imusiciveneziani.com\/#\/schema\/person\/48238662f6e86f16b24e2c9c7bcb51ce\"},\"headline\":\"D\u00e9couvrez Venise en Italie : partez de la tradition musicale classique-op\u00e9ratique !\",\"datePublished\":\"2021-05-21T12:58:03+00:00\",\"dateModified\":\"2022-12-22T15:10:37+00:00\",\"mainEntityOfPage\":{\"@id\":\"https:\/\/www.imusiciveneziani.com\/fr\/decouvrez-venise-en-italie-partez-de-la-tradition-musicale-classique-operatique\/\"},\"wordCount\":602,\"publisher\":{\"@id\":\"https:\/\/www.imusiciveneziani.com\/#organization\"},\"keywords\":[\"la fenice\",\"la traviata\",\"rossini\",\"Venise\",\"verdi\"],\"articleSection\":[\"Blog\"],\"inLanguage\":\"it-IT\"},{\"@type\":\"WebPage\",\"@id\":\"https:\/\/www.imusiciveneziani.com\/fr\/decouvrez-venise-en-italie-partez-de-la-tradition-musicale-classique-operatique\/\",\"url\":\"https:\/\/www.imusiciveneziani.com\/fr\/decouvrez-venise-en-italie-partez-de-la-tradition-musicale-classique-operatique\/\",\"name\":\"D\u00e9couvrez Venise en Italie : partez de la tradition musicale classique-op\u00e9ratique ! | I Musici Veneziani\",\"isPartOf\":{\"@id\":\"https:\/\/www.imusiciveneziani.com\/#website\"},\"datePublished\":\"2021-05-21T12:58:03+00:00\",\"dateModified\":\"2022-12-22T15:10:37+00:00\",\"description\":\"D\u00e9couvrez Venise en Italie en suivant les notes de la tradition musicale italienne pour le concert I Musici Veneziani\",\"breadcrumb\":{\"@id\":\"https:\/\/www.imusiciveneziani.com\/fr\/decouvrez-venise-en-italie-partez-de-la-tradition-musicale-classique-operatique\/#breadcrumb\"},\"inLanguage\":\"it-IT\",\"potentialAction\":[{\"@type\":\"ReadAction\",\"target\":[\"https:\/\/www.imusiciveneziani.com\/fr\/decouvrez-venise-en-italie-partez-de-la-tradition-musicale-classique-operatique\/\"]}]},{\"@type\":\"BreadcrumbList\",\"@id\":\"https:\/\/www.imusiciveneziani.com\/fr\/decouvrez-venise-en-italie-partez-de-la-tradition-musicale-classique-operatique\/#breadcrumb\",\"itemListElement\":[{\"@type\":\"ListItem\",\"position\":1,\"name\":\"Home\",\"item\":\"https:\/\/www.imusiciveneziani.com\/\"},{\"@type\":\"ListItem\",\"position\":2,\"name\":\"D\u00e9couvrez Venise en Italie : partez de la tradition musicale classique-op\u00e9ratique !\"}]},{\"@type\":\"WebSite\",\"@id\":\"https:\/\/www.imusiciveneziani.com\/#website\",\"url\":\"https:\/\/www.imusiciveneziani.com\/\",\"name\":\"I Musici Veneziani\",\"description\":\"Orchestra e cantanti in costumi del XVIII secolo\",\"publisher\":{\"@id\":\"https:\/\/www.imusiciveneziani.com\/#organization\"},\"potentialAction\":[{\"@type\":\"SearchAction\",\"target\":{\"@type\":\"EntryPoint\",\"urlTemplate\":\"https:\/\/www.imusiciveneziani.com\/?s={search_term_string}\"},\"query-input\":\"required name=search_term_string\"}],\"inLanguage\":\"it-IT\"},{\"@type\":\"Organization\",\"@id\":\"https:\/\/www.imusiciveneziani.com\/#organization\",\"name\":\"I Musici Veneziani\",\"url\":\"https:\/\/www.imusiciveneziani.com\/\",\"logo\":{\"@type\":\"ImageObject\",\"inLanguage\":\"it-IT\",\"@id\":\"https:\/\/www.imusiciveneziani.com\/#\/schema\/logo\/image\/\",\"url\":\"https:\/\/beta.newwave-media.it\/musici\/wp-content\/uploads\/2018\/01\/logo_voucher-2.jpg\",\"contentUrl\":\"https:\/\/beta.newwave-media.it\/musici\/wp-content\/uploads\/2018\/01\/logo_voucher-2.jpg\",\"width\":400,\"height\":200,\"caption\":\"I Musici Veneziani\"},\"image\":{\"@id\":\"https:\/\/www.imusiciveneziani.com\/#\/schema\/logo\/image\/\"}},{\"@type\":\"Person\",\"@id\":\"https:\/\/www.imusiciveneziani.com\/#\/schema\/person\/48238662f6e86f16b24e2c9c7bcb51ce\",\"name\":\"adminMusici\",\"image\":{\"@type\":\"ImageObject\",\"inLanguage\":\"it-IT\",\"@id\":\"https:\/\/www.imusiciveneziani.com\/#\/schema\/person\/image\/\",\"url\":\"https:\/\/secure.gravatar.com\/avatar\/e9e24ce0c7fb2f21ea6ca24c548a0669?s=96&d=mm&r=g\",\"contentUrl\":\"https:\/\/secure.gravatar.com\/avatar\/e9e24ce0c7fb2f21ea6ca24c548a0669?s=96&d=mm&r=g\",\"caption\":\"adminMusici\"}}]}<\/script>\n<!-- \/ Yoast SEO plugin. -->","yoast_head_json":{"title":"D\u00e9couvrez Venise en Italie : partez de la tradition musicale classique-op\u00e9ratique ! | I Musici Veneziani","description":"D\u00e9couvrez Venise en Italie en suivant les notes de la tradition musicale italienne pour le concert I Musici Veneziani","robots":{"index":"index","follow":"follow","max-snippet":"max-snippet:-1","max-image-preview":"max-image-preview:large","max-video-preview":"max-video-preview:-1"},"canonical":"https:\/\/www.imusiciveneziani.com\/fr\/decouvrez-venise-en-italie-partez-de-la-tradition-musicale-classique-operatique\/","og_locale":"it_IT","og_type":"article","og_title":"D\u00e9couvrez Venise en Italie : partez de la tradition musicale classique-op\u00e9ratique ! | I Musici Veneziani","og_description":"D\u00e9couvrez Venise en Italie en suivant les notes de la tradition musicale italienne pour le concert I Musici Veneziani","og_url":"https:\/\/www.imusiciveneziani.com\/fr\/decouvrez-venise-en-italie-partez-de-la-tradition-musicale-classique-operatique\/","og_site_name":"I Musici Veneziani","article_published_time":"2021-05-21T12:58:03+00:00","article_modified_time":"2022-12-22T15:10:37+00:00","og_image":[{"width":1024,"height":678,"url":"https:\/\/www.imusiciveneziani.com\/wp-content\/uploads\/2021\/01\/edificios-famosos-de-venecia.jpg","type":"image\/jpeg"}],"author":"adminMusici","twitter_card":"summary_large_image","twitter_misc":{"Scritto da":"adminMusici","Tempo di lettura stimato":"3 minuti"},"schema":{"@context":"https:\/\/schema.org","@graph":[{"@type":"Article","@id":"https:\/\/www.imusiciveneziani.com\/fr\/decouvrez-venise-en-italie-partez-de-la-tradition-musicale-classique-operatique\/#article","isPartOf":{"@id":"https:\/\/www.imusiciveneziani.com\/fr\/decouvrez-venise-en-italie-partez-de-la-tradition-musicale-classique-operatique\/"},"author":{"name":"adminMusici","@id":"https:\/\/www.imusiciveneziani.com\/#\/schema\/person\/48238662f6e86f16b24e2c9c7bcb51ce"},"headline":"D\u00e9couvrez Venise en Italie : partez de la tradition musicale classique-op\u00e9ratique !","datePublished":"2021-05-21T12:58:03+00:00","dateModified":"2022-12-22T15:10:37+00:00","mainEntityOfPage":{"@id":"https:\/\/www.imusiciveneziani.com\/fr\/decouvrez-venise-en-italie-partez-de-la-tradition-musicale-classique-operatique\/"},"wordCount":602,"publisher":{"@id":"https:\/\/www.imusiciveneziani.com\/#organization"},"keywords":["la fenice","la traviata","rossini","Venise","verdi"],"articleSection":["Blog"],"inLanguage":"it-IT"},{"@type":"WebPage","@id":"https:\/\/www.imusiciveneziani.com\/fr\/decouvrez-venise-en-italie-partez-de-la-tradition-musicale-classique-operatique\/","url":"https:\/\/www.imusiciveneziani.com\/fr\/decouvrez-venise-en-italie-partez-de-la-tradition-musicale-classique-operatique\/","name":"D\u00e9couvrez Venise en Italie : partez de la tradition musicale classique-op\u00e9ratique ! | I Musici Veneziani","isPartOf":{"@id":"https:\/\/www.imusiciveneziani.com\/#website"},"datePublished":"2021-05-21T12:58:03+00:00","dateModified":"2022-12-22T15:10:37+00:00","description":"D\u00e9couvrez Venise en Italie en suivant les notes de la tradition musicale italienne pour le concert I Musici Veneziani","breadcrumb":{"@id":"https:\/\/www.imusiciveneziani.com\/fr\/decouvrez-venise-en-italie-partez-de-la-tradition-musicale-classique-operatique\/#breadcrumb"},"inLanguage":"it-IT","potentialAction":[{"@type":"ReadAction","target":["https:\/\/www.imusiciveneziani.com\/fr\/decouvrez-venise-en-italie-partez-de-la-tradition-musicale-classique-operatique\/"]}]},{"@type":"BreadcrumbList","@id":"https:\/\/www.imusiciveneziani.com\/fr\/decouvrez-venise-en-italie-partez-de-la-tradition-musicale-classique-operatique\/#breadcrumb","itemListElement":[{"@type":"ListItem","position":1,"name":"Home","item":"https:\/\/www.imusiciveneziani.com\/"},{"@type":"ListItem","position":2,"name":"D\u00e9couvrez Venise en Italie : partez de la tradition musicale classique-op\u00e9ratique !"}]},{"@type":"WebSite","@id":"https:\/\/www.imusiciveneziani.com\/#website","url":"https:\/\/www.imusiciveneziani.com\/","name":"I Musici Veneziani","description":"Orchestra e cantanti in costumi del XVIII secolo","publisher":{"@id":"https:\/\/www.imusiciveneziani.com\/#organization"},"potentialAction":[{"@type":"SearchAction","target":{"@type":"EntryPoint","urlTemplate":"https:\/\/www.imusiciveneziani.com\/?s={search_term_string}"},"query-input":"required name=search_term_string"}],"inLanguage":"it-IT"},{"@type":"Organization","@id":"https:\/\/www.imusiciveneziani.com\/#organization","name":"I Musici Veneziani","url":"https:\/\/www.imusiciveneziani.com\/","logo":{"@type":"ImageObject","inLanguage":"it-IT","@id":"https:\/\/www.imusiciveneziani.com\/#\/schema\/logo\/image\/","url":"https:\/\/beta.newwave-media.it\/musici\/wp-content\/uploads\/2018\/01\/logo_voucher-2.jpg","contentUrl":"https:\/\/beta.newwave-media.it\/musici\/wp-content\/uploads\/2018\/01\/logo_voucher-2.jpg","width":400,"height":200,"caption":"I Musici Veneziani"},"image":{"@id":"https:\/\/www.imusiciveneziani.com\/#\/schema\/logo\/image\/"}},{"@type":"Person","@id":"https:\/\/www.imusiciveneziani.com\/#\/schema\/person\/48238662f6e86f16b24e2c9c7bcb51ce","name":"adminMusici","image":{"@type":"ImageObject","inLanguage":"it-IT","@id":"https:\/\/www.imusiciveneziani.com\/#\/schema\/person\/image\/","url":"https:\/\/secure.gravatar.com\/avatar\/e9e24ce0c7fb2f21ea6ca24c548a0669?s=96&d=mm&r=g","contentUrl":"https:\/\/secure.gravatar.com\/avatar\/e9e24ce0c7fb2f21ea6ca24c548a0669?s=96&d=mm&r=g","caption":"adminMusici"}}]}},"_links":{"self":[{"href":"https:\/\/www.imusiciveneziani.com\/wp-json\/wp\/v2\/posts\/12228"}],"collection":[{"href":"https:\/\/www.imusiciveneziani.com\/wp-json\/wp\/v2\/posts"}],"about":[{"href":"https:\/\/www.imusiciveneziani.com\/wp-json\/wp\/v2\/types\/post"}],"author":[{"embeddable":true,"href":"https:\/\/www.imusiciveneziani.com\/wp-json\/wp\/v2\/users\/1"}],"replies":[{"embeddable":true,"href":"https:\/\/www.imusiciveneziani.com\/wp-json\/wp\/v2\/comments?post=12228"}],"version-history":[{"count":0,"href":"https:\/\/www.imusiciveneziani.com\/wp-json\/wp\/v2\/posts\/12228\/revisions"}],"wp:featuredmedia":[{"embeddable":true,"href":"https:\/\/www.imusiciveneziani.com\/wp-json\/wp\/v2\/media\/11855"}],"wp:attachment":[{"href":"https:\/\/www.imusiciveneziani.com\/wp-json\/wp\/v2\/media?parent=12228"}],"wp:term":[{"taxonomy":"category","embeddable":true,"href":"https:\/\/www.imusiciveneziani.com\/wp-json\/wp\/v2\/categories?post=12228"},{"taxonomy":"post_tag","embeddable":true,"href":"https:\/\/www.imusiciveneziani.com\/wp-json\/wp\/v2\/tags?post=12228"}],"curies":[{"name":"wp","href":"https:\/\/api.w.org\/{rel}","templated":true}]}}