{"id":12697,"date":"2021-07-30T13:07:47","date_gmt":"2021-07-30T11:07:47","guid":{"rendered":"https:\/\/www.imusiciveneziani.com\/?p=12697"},"modified":"2022-12-22T16:09:31","modified_gmt":"2022-12-22T15:09:31","slug":"la-magie-de-lete-a-venise-sur-les-notes-de-vivaldi","status":"publish","type":"post","link":"https:\/\/www.imusiciveneziani.com\/fr\/la-magie-de-lete-a-venise-sur-les-notes-de-vivaldi\/","title":{"rendered":"La magie de l\u2019\u00e9t\u00e9 \u00e0 Venise sur les notes de Vivaldi"},"content":{"rendered":"<h2><b>Comme des bergers lors d&#8217;une journ\u00e9e \u00e9touffante : l\u2019\u00e9t\u00e9 \u00e0 Venise<\/b><span style=\"font-weight: 400;\">\u00a0<\/span><\/h2>\n<p>&nbsp;<\/p>\n<p><span style=\"font-weight: 400;\">C&#8217;est pr\u00e9cis\u00e9ment un berger qui est le protagoniste du deuxi\u00e8me concerto en sol mineur de <\/span><b>Les Quatre Saisons<\/b><span style=\"font-weight: 400;\"> d\u2019Antonio Vivaldi, <\/span><b>L&#8217;estate <\/b><span style=\"font-weight: 400;\">(<\/span><b>L\u2019\u00c9t\u00e9<\/b><span style=\"font-weight: 400;\">). En effet imaginez que vous \u00eates ce berger : au d\u00e9but, il est allong\u00e9 langoureusement, immerg\u00e9 dans un paysage br\u00fbl\u00e9 par la chaleur de l&#8217;\u00e9t\u00e9 ; puis, \u00e0 l&#8217;approche de l&#8217;orage, lorsque les vents &#8220;s&#8217;entrechoquent&#8221;, il est saisi de peur et fond en larmes ; enfin, juste avant l&#8217;explosion de la temp\u00eate, il revient \u00e0 la vie et cherche un abri. Voil\u00e0 des bergers pendant l&#8217;<\/span><b>\u00e9t\u00e9 \u00e0 Venise<\/b><span style=\"font-weight: 400;\"> \u2026\u00a0<\/span><\/p>\n<p>&nbsp;<\/p>\n<h3><b>La langueur de la lecture : l&#8217;\u00e9t\u00e9 \u00e0 Venise<\/b><span style=\"font-weight: 400;\">\u00a0<\/span><\/h3>\n<p>&nbsp;<\/p>\n<p><span style=\"font-weight: 400;\">En effet, vous \u00eates \u00e0 Venise et, certes, vous ne pouvez pas vous allonger sous un arbre : vous devez profiter des beaut\u00e9s d&#8217;une ville incroyable et de ses endroits les plus cach\u00e9s mais aussi les plus fascinants. Il fait chaud, alors pourquoi ne pas trouver un rafra\u00eechissement parmi les livres ? Oui, c&#8217;est \u00e7a. En fl\u00e2nant dans les rues v\u00e9nitiennes, au c\u0153ur de la ville, faites une pause \u00e0 la <\/span><b>Libreria Acqua Alta<\/b><span style=\"font-weight: 400;\"> : ici, les livres, prot\u00e9g\u00e9s des hautes eaux, sont entrepos\u00e9s sur des \u00e9tag\u00e8res comme des baignoires et des bateaux typiquement v\u00e9nitiens. La langueur d&#8217;un <\/span><b>\u00e9t\u00e9 \u00e0 Venise<\/b><span style=\"font-weight: 400;\"> vous a conduit \u00e0 un endroit unique : profitez de quelques heures, assis sur les gradins faits de vieilles encyclop\u00e9dies !\u00a0<\/span><\/p>\n<p>&nbsp;<\/p>\n<h3><b>\u00c9chappez \u00e0 la chaleur d\u2019un \u00e9t\u00e9 \u00e0 Venise<\/b><span style=\"font-weight: 400;\">\u00a0<\/span><\/h3>\n<p><img decoding=\"async\" loading=\"lazy\" class=\"alignnone wp-image-11904 size-full\" src=\"https:\/\/www.imusiciveneziani.com\/wp-content\/uploads\/2021\/01\/batiments-de-Venise-1.jpg\" alt=\"batiments de Venise\" width=\"1200\" height=\"815\" srcset=\"https:\/\/www.imusiciveneziani.com\/wp-content\/uploads\/2021\/01\/batiments-de-Venise-1.jpg 1200w, https:\/\/www.imusiciveneziani.com\/wp-content\/uploads\/2021\/01\/batiments-de-Venise-1-300x204.jpg 300w, https:\/\/www.imusiciveneziani.com\/wp-content\/uploads\/2021\/01\/batiments-de-Venise-1-1024x695.jpg 1024w, https:\/\/www.imusiciveneziani.com\/wp-content\/uploads\/2021\/01\/batiments-de-Venise-1-768x522.jpg 768w, https:\/\/www.imusiciveneziani.com\/wp-content\/uploads\/2021\/01\/batiments-de-Venise-1-600x408.jpg 600w\" sizes=\"(max-width: 1200px) 100vw, 1200px\" \/><\/p>\n<p><span style=\"font-weight: 400;\">La chaleur est-elle insupportable et le ciel annonce-t-il le d\u00e9clenchement d&#8217;un orage d&#8217;\u00e9t\u00e9 typique ? La fuite \u00e0 travers les <\/span><b>calli<\/b><span style=\"font-weight: 400;\"> est aussi une exp\u00e9rience unique de l\u2019<\/span><b>\u00e9t\u00e9 \u00e0 Venise<\/b><span style=\"font-weight: 400;\">. Passez par la <\/span><b>calle <\/b><span style=\"font-weight: 400;\">la plus \u00e9troite de Venise, dont la largeur \u00e0 hauteur de poitrine n&#8217;est que de 53 centim\u00e8tres : la <\/span><b>calle Varisco<\/b><span style=\"font-weight: 400;\">. Traversez ensuite le <\/span><b>Ponte del Chiodo<\/b><span style=\"font-weight: 400;\">, l&#8217;un des derniers ponts sur les canaux de Venise sans parapet. Vous arrivez enfin \u00e0 l&#8217;\u00e9glise de San Zacaria, pr\u00e8s de la Place Saint-Marc. \u00c0 l&#8217;int\u00e9rieur, vous pourrez admirer l&#8217;extraordinaire <\/span><b>Nativit\u00e9 de la Vierge<\/b><span style=\"font-weight: 400;\"> par <\/span><b>le Tintoret<\/b><span style=\"font-weight: 400;\"> mais la zone la plus incroyable, ainsi que la partie la plus ancienne de l&#8217;\u00e9glise, se trouve sous la chapelle de San Tarasio, c&#8217;est-\u00e0-dire la crypte : sa beaut\u00e9 ne r\u00e9side pas dans son architecture, tr\u00e8s simple, mais dans le fait qu&#8217;elle est inond\u00e9e pendant la majeure partie de l&#8217;ann\u00e9e en raison des mar\u00e9es de la lagune.\u00a0<\/span><\/p>\n<p>&nbsp;<\/p>\n<h3><b>Une soir\u00e9e d&#8217;\u00e9t\u00e9 \u00e0 Venise et au-del\u00e0&#8230;<\/b><span style=\"font-weight: 400;\">\u00a0<\/span><\/h3>\n<p>&nbsp;<\/p>\n<p><span style=\"font-weight: 400;\">Un <\/span><b>\u00e9t\u00e9 \u00e0 Venise<\/b><span style=\"font-weight: 400;\"> n&#8217;est pas simplement un \u00e9t\u00e9, car vous \u00eates dans la ville de<\/span><a href=\"https:\/\/www.imusiciveneziani.com\/fr\/les-quatre-saisons-de-vivaldi-une-experience-unique-pour-vivre-la-culture-italienne\/\" target=\"_blank\" rel=\"noopener noreferrer\"> <b>Les Quatre Saisons<\/b><\/a><span style=\"font-weight: 400;\">. Alors quoi de mieux que de passer une soir\u00e9e \u00e0 \u00e9couter l&#8217;une des \u0153uvres les plus c\u00e9l\u00e8bres de la musique classique ? La grandeur d&#8217;<\/span><b>Antonio Vivaldi<\/b><span style=\"font-weight: 400;\"> revit dans l&#8217;extraordinaire performance de l&#8217;orchestre de <\/span><b>I Musici Veneziani<\/b><span style=\"font-weight: 400;\">, qui vous fera vivre une exp\u00e9rience inoubliable dans le cadre enchanteur de la <\/span><b>Scuola Grande di San Teodoro<\/b><span style=\"font-weight: 400;\">. Ne perdez pas de temps, r\u00e9servez vos billets, car un <\/span><b>\u00e9t\u00e9 \u00e0 Venise<\/b><span style=\"font-weight: 400;\"> n&#8217;est jamais simplement et uniquement un \u00e9t\u00e9.<\/span><\/p>\n<p>&nbsp;<\/p>\n","protected":false},"excerpt":{"rendered":"<p>Comme des bergers lors d&#8217;une journ\u00e9e \u00e9touffante : l\u2019\u00e9t\u00e9 \u00e0 Venise\u00a0 &nbsp; C&#8217;est pr\u00e9cis\u00e9ment un berger qui est le protagoniste&#8230;<\/p>\n","protected":false},"author":1,"featured_media":11922,"comment_status":"closed","ping_status":"closed","sticky":false,"template":"","format":"standard","meta":[],"categories":[168],"tags":[301,271],"acf":[],"yoast_head":"<!-- This site is optimized with the Yoast SEO plugin v21.5 - https:\/\/yoast.com\/wordpress\/plugins\/seo\/ -->\n<title>La magie de l\u2019\u00e9t\u00e9 \u00e0 Venise sur les notes de Vivaldi | I Musici Veneziani<\/title>\n<meta name=\"description\" content=\"L&#039;\u00e9t\u00e9 \u00e0 Venise est magique, surtout lorsqu&#039;on l&#039;associe \u00e0 un concert de musique classique d&#039;I Musici Veneziani.\" \/>\n<meta name=\"robots\" content=\"index, follow, max-snippet:-1, max-image-preview:large, max-video-preview:-1\" \/>\n<link rel=\"canonical\" href=\"https:\/\/www.imusiciveneziani.com\/fr\/la-magie-de-lete-a-venise-sur-les-notes-de-vivaldi\/\" \/>\n<meta property=\"og:locale\" content=\"it_IT\" \/>\n<meta property=\"og:type\" content=\"article\" \/>\n<meta property=\"og:title\" content=\"La magie de l\u2019\u00e9t\u00e9 \u00e0 Venise sur les notes de Vivaldi | I Musici Veneziani\" \/>\n<meta property=\"og:description\" content=\"L&#039;\u00e9t\u00e9 \u00e0 Venise est magique, surtout lorsqu&#039;on l&#039;associe \u00e0 un concert de musique classique d&#039;I Musici Veneziani.\" \/>\n<meta property=\"og:url\" content=\"https:\/\/www.imusiciveneziani.com\/fr\/la-magie-de-lete-a-venise-sur-les-notes-de-vivaldi\/\" \/>\n<meta property=\"og:site_name\" content=\"I Musici Veneziani\" \/>\n<meta property=\"article:published_time\" content=\"2021-07-30T11:07:47+00:00\" \/>\n<meta property=\"article:modified_time\" content=\"2022-12-22T15:09:31+00:00\" \/>\n<meta property=\"og:image\" content=\"https:\/\/www.imusiciveneziani.com\/wp-content\/uploads\/2021\/01\/famous-buildings-in-venice-1.jpg\" \/>\n\t<meta property=\"og:image:width\" content=\"1200\" \/>\n\t<meta property=\"og:image:height\" content=\"815\" \/>\n\t<meta property=\"og:image:type\" content=\"image\/jpeg\" \/>\n<meta name=\"author\" content=\"adminMusici\" \/>\n<meta name=\"twitter:card\" content=\"summary_large_image\" \/>\n<meta name=\"twitter:label1\" content=\"Scritto da\" \/>\n\t<meta name=\"twitter:data1\" content=\"adminMusici\" \/>\n\t<meta name=\"twitter:label2\" content=\"Tempo di lettura stimato\" \/>\n\t<meta name=\"twitter:data2\" content=\"3 minuti\" \/>\n<script type=\"application\/ld+json\" class=\"yoast-schema-graph\">{\"@context\":\"https:\/\/schema.org\",\"@graph\":[{\"@type\":\"Article\",\"@id\":\"https:\/\/www.imusiciveneziani.com\/fr\/la-magie-de-lete-a-venise-sur-les-notes-de-vivaldi\/#article\",\"isPartOf\":{\"@id\":\"https:\/\/www.imusiciveneziani.com\/fr\/la-magie-de-lete-a-venise-sur-les-notes-de-vivaldi\/\"},\"author\":{\"name\":\"adminMusici\",\"@id\":\"https:\/\/www.imusiciveneziani.com\/#\/schema\/person\/48238662f6e86f16b24e2c9c7bcb51ce\"},\"headline\":\"La magie de l\u2019\u00e9t\u00e9 \u00e0 Venise sur les notes de Vivaldi\",\"datePublished\":\"2021-07-30T11:07:47+00:00\",\"dateModified\":\"2022-12-22T15:09:31+00:00\",\"mainEntityOfPage\":{\"@id\":\"https:\/\/www.imusiciveneziani.com\/fr\/la-magie-de-lete-a-venise-sur-les-notes-de-vivaldi\/\"},\"wordCount\":550,\"publisher\":{\"@id\":\"https:\/\/www.imusiciveneziani.com\/#organization\"},\"keywords\":[\"l'\u00e9t\u00e9 \u00e0 Venise\",\"Vivaldi\"],\"articleSection\":[\"Blog\"],\"inLanguage\":\"it-IT\"},{\"@type\":\"WebPage\",\"@id\":\"https:\/\/www.imusiciveneziani.com\/fr\/la-magie-de-lete-a-venise-sur-les-notes-de-vivaldi\/\",\"url\":\"https:\/\/www.imusiciveneziani.com\/fr\/la-magie-de-lete-a-venise-sur-les-notes-de-vivaldi\/\",\"name\":\"La magie de l\u2019\u00e9t\u00e9 \u00e0 Venise sur les notes de Vivaldi | I Musici Veneziani\",\"isPartOf\":{\"@id\":\"https:\/\/www.imusiciveneziani.com\/#website\"},\"datePublished\":\"2021-07-30T11:07:47+00:00\",\"dateModified\":\"2022-12-22T15:09:31+00:00\",\"description\":\"L'\u00e9t\u00e9 \u00e0 Venise est magique, surtout lorsqu'on l'associe \u00e0 un concert de musique classique d'I Musici Veneziani.\",\"breadcrumb\":{\"@id\":\"https:\/\/www.imusiciveneziani.com\/fr\/la-magie-de-lete-a-venise-sur-les-notes-de-vivaldi\/#breadcrumb\"},\"inLanguage\":\"it-IT\",\"potentialAction\":[{\"@type\":\"ReadAction\",\"target\":[\"https:\/\/www.imusiciveneziani.com\/fr\/la-magie-de-lete-a-venise-sur-les-notes-de-vivaldi\/\"]}]},{\"@type\":\"BreadcrumbList\",\"@id\":\"https:\/\/www.imusiciveneziani.com\/fr\/la-magie-de-lete-a-venise-sur-les-notes-de-vivaldi\/#breadcrumb\",\"itemListElement\":[{\"@type\":\"ListItem\",\"position\":1,\"name\":\"Home\",\"item\":\"https:\/\/www.imusiciveneziani.com\/\"},{\"@type\":\"ListItem\",\"position\":2,\"name\":\"La magie de l\u2019\u00e9t\u00e9 \u00e0 Venise sur les notes de Vivaldi\"}]},{\"@type\":\"WebSite\",\"@id\":\"https:\/\/www.imusiciveneziani.com\/#website\",\"url\":\"https:\/\/www.imusiciveneziani.com\/\",\"name\":\"I Musici Veneziani\",\"description\":\"Orchestra e cantanti in costumi del XVIII secolo\",\"publisher\":{\"@id\":\"https:\/\/www.imusiciveneziani.com\/#organization\"},\"potentialAction\":[{\"@type\":\"SearchAction\",\"target\":{\"@type\":\"EntryPoint\",\"urlTemplate\":\"https:\/\/www.imusiciveneziani.com\/?s={search_term_string}\"},\"query-input\":\"required name=search_term_string\"}],\"inLanguage\":\"it-IT\"},{\"@type\":\"Organization\",\"@id\":\"https:\/\/www.imusiciveneziani.com\/#organization\",\"name\":\"I Musici Veneziani\",\"url\":\"https:\/\/www.imusiciveneziani.com\/\",\"logo\":{\"@type\":\"ImageObject\",\"inLanguage\":\"it-IT\",\"@id\":\"https:\/\/www.imusiciveneziani.com\/#\/schema\/logo\/image\/\",\"url\":\"https:\/\/beta.newwave-media.it\/musici\/wp-content\/uploads\/2018\/01\/logo_voucher-2.jpg\",\"contentUrl\":\"https:\/\/beta.newwave-media.it\/musici\/wp-content\/uploads\/2018\/01\/logo_voucher-2.jpg\",\"width\":400,\"height\":200,\"caption\":\"I Musici Veneziani\"},\"image\":{\"@id\":\"https:\/\/www.imusiciveneziani.com\/#\/schema\/logo\/image\/\"}},{\"@type\":\"Person\",\"@id\":\"https:\/\/www.imusiciveneziani.com\/#\/schema\/person\/48238662f6e86f16b24e2c9c7bcb51ce\",\"name\":\"adminMusici\",\"image\":{\"@type\":\"ImageObject\",\"inLanguage\":\"it-IT\",\"@id\":\"https:\/\/www.imusiciveneziani.com\/#\/schema\/person\/image\/\",\"url\":\"https:\/\/secure.gravatar.com\/avatar\/e9e24ce0c7fb2f21ea6ca24c548a0669?s=96&d=mm&r=g\",\"contentUrl\":\"https:\/\/secure.gravatar.com\/avatar\/e9e24ce0c7fb2f21ea6ca24c548a0669?s=96&d=mm&r=g\",\"caption\":\"adminMusici\"}}]}<\/script>\n<!-- \/ Yoast SEO plugin. -->","yoast_head_json":{"title":"La magie de l\u2019\u00e9t\u00e9 \u00e0 Venise sur les notes de Vivaldi | I Musici Veneziani","description":"L'\u00e9t\u00e9 \u00e0 Venise est magique, surtout lorsqu'on l'associe \u00e0 un concert de musique classique d'I Musici Veneziani.","robots":{"index":"index","follow":"follow","max-snippet":"max-snippet:-1","max-image-preview":"max-image-preview:large","max-video-preview":"max-video-preview:-1"},"canonical":"https:\/\/www.imusiciveneziani.com\/fr\/la-magie-de-lete-a-venise-sur-les-notes-de-vivaldi\/","og_locale":"it_IT","og_type":"article","og_title":"La magie de l\u2019\u00e9t\u00e9 \u00e0 Venise sur les notes de Vivaldi | I Musici Veneziani","og_description":"L'\u00e9t\u00e9 \u00e0 Venise est magique, surtout lorsqu'on l'associe \u00e0 un concert de musique classique d'I Musici Veneziani.","og_url":"https:\/\/www.imusiciveneziani.com\/fr\/la-magie-de-lete-a-venise-sur-les-notes-de-vivaldi\/","og_site_name":"I Musici Veneziani","article_published_time":"2021-07-30T11:07:47+00:00","article_modified_time":"2022-12-22T15:09:31+00:00","og_image":[{"width":1200,"height":815,"url":"https:\/\/www.imusiciveneziani.com\/wp-content\/uploads\/2021\/01\/famous-buildings-in-venice-1.jpg","type":"image\/jpeg"}],"author":"adminMusici","twitter_card":"summary_large_image","twitter_misc":{"Scritto da":"adminMusici","Tempo di lettura stimato":"3 minuti"},"schema":{"@context":"https:\/\/schema.org","@graph":[{"@type":"Article","@id":"https:\/\/www.imusiciveneziani.com\/fr\/la-magie-de-lete-a-venise-sur-les-notes-de-vivaldi\/#article","isPartOf":{"@id":"https:\/\/www.imusiciveneziani.com\/fr\/la-magie-de-lete-a-venise-sur-les-notes-de-vivaldi\/"},"author":{"name":"adminMusici","@id":"https:\/\/www.imusiciveneziani.com\/#\/schema\/person\/48238662f6e86f16b24e2c9c7bcb51ce"},"headline":"La magie de l\u2019\u00e9t\u00e9 \u00e0 Venise sur les notes de Vivaldi","datePublished":"2021-07-30T11:07:47+00:00","dateModified":"2022-12-22T15:09:31+00:00","mainEntityOfPage":{"@id":"https:\/\/www.imusiciveneziani.com\/fr\/la-magie-de-lete-a-venise-sur-les-notes-de-vivaldi\/"},"wordCount":550,"publisher":{"@id":"https:\/\/www.imusiciveneziani.com\/#organization"},"keywords":["l'\u00e9t\u00e9 \u00e0 Venise","Vivaldi"],"articleSection":["Blog"],"inLanguage":"it-IT"},{"@type":"WebPage","@id":"https:\/\/www.imusiciveneziani.com\/fr\/la-magie-de-lete-a-venise-sur-les-notes-de-vivaldi\/","url":"https:\/\/www.imusiciveneziani.com\/fr\/la-magie-de-lete-a-venise-sur-les-notes-de-vivaldi\/","name":"La magie de l\u2019\u00e9t\u00e9 \u00e0 Venise sur les notes de Vivaldi | I Musici Veneziani","isPartOf":{"@id":"https:\/\/www.imusiciveneziani.com\/#website"},"datePublished":"2021-07-30T11:07:47+00:00","dateModified":"2022-12-22T15:09:31+00:00","description":"L'\u00e9t\u00e9 \u00e0 Venise est magique, surtout lorsqu'on l'associe \u00e0 un concert de musique classique d'I Musici Veneziani.","breadcrumb":{"@id":"https:\/\/www.imusiciveneziani.com\/fr\/la-magie-de-lete-a-venise-sur-les-notes-de-vivaldi\/#breadcrumb"},"inLanguage":"it-IT","potentialAction":[{"@type":"ReadAction","target":["https:\/\/www.imusiciveneziani.com\/fr\/la-magie-de-lete-a-venise-sur-les-notes-de-vivaldi\/"]}]},{"@type":"BreadcrumbList","@id":"https:\/\/www.imusiciveneziani.com\/fr\/la-magie-de-lete-a-venise-sur-les-notes-de-vivaldi\/#breadcrumb","itemListElement":[{"@type":"ListItem","position":1,"name":"Home","item":"https:\/\/www.imusiciveneziani.com\/"},{"@type":"ListItem","position":2,"name":"La magie de l\u2019\u00e9t\u00e9 \u00e0 Venise sur les notes de Vivaldi"}]},{"@type":"WebSite","@id":"https:\/\/www.imusiciveneziani.com\/#website","url":"https:\/\/www.imusiciveneziani.com\/","name":"I Musici Veneziani","description":"Orchestra e cantanti in costumi del XVIII secolo","publisher":{"@id":"https:\/\/www.imusiciveneziani.com\/#organization"},"potentialAction":[{"@type":"SearchAction","target":{"@type":"EntryPoint","urlTemplate":"https:\/\/www.imusiciveneziani.com\/?s={search_term_string}"},"query-input":"required name=search_term_string"}],"inLanguage":"it-IT"},{"@type":"Organization","@id":"https:\/\/www.imusiciveneziani.com\/#organization","name":"I Musici Veneziani","url":"https:\/\/www.imusiciveneziani.com\/","logo":{"@type":"ImageObject","inLanguage":"it-IT","@id":"https:\/\/www.imusiciveneziani.com\/#\/schema\/logo\/image\/","url":"https:\/\/beta.newwave-media.it\/musici\/wp-content\/uploads\/2018\/01\/logo_voucher-2.jpg","contentUrl":"https:\/\/beta.newwave-media.it\/musici\/wp-content\/uploads\/2018\/01\/logo_voucher-2.jpg","width":400,"height":200,"caption":"I Musici Veneziani"},"image":{"@id":"https:\/\/www.imusiciveneziani.com\/#\/schema\/logo\/image\/"}},{"@type":"Person","@id":"https:\/\/www.imusiciveneziani.com\/#\/schema\/person\/48238662f6e86f16b24e2c9c7bcb51ce","name":"adminMusici","image":{"@type":"ImageObject","inLanguage":"it-IT","@id":"https:\/\/www.imusiciveneziani.com\/#\/schema\/person\/image\/","url":"https:\/\/secure.gravatar.com\/avatar\/e9e24ce0c7fb2f21ea6ca24c548a0669?s=96&d=mm&r=g","contentUrl":"https:\/\/secure.gravatar.com\/avatar\/e9e24ce0c7fb2f21ea6ca24c548a0669?s=96&d=mm&r=g","caption":"adminMusici"}}]}},"_links":{"self":[{"href":"https:\/\/www.imusiciveneziani.com\/wp-json\/wp\/v2\/posts\/12697"}],"collection":[{"href":"https:\/\/www.imusiciveneziani.com\/wp-json\/wp\/v2\/posts"}],"about":[{"href":"https:\/\/www.imusiciveneziani.com\/wp-json\/wp\/v2\/types\/post"}],"author":[{"embeddable":true,"href":"https:\/\/www.imusiciveneziani.com\/wp-json\/wp\/v2\/users\/1"}],"replies":[{"embeddable":true,"href":"https:\/\/www.imusiciveneziani.com\/wp-json\/wp\/v2\/comments?post=12697"}],"version-history":[{"count":0,"href":"https:\/\/www.imusiciveneziani.com\/wp-json\/wp\/v2\/posts\/12697\/revisions"}],"wp:featuredmedia":[{"embeddable":true,"href":"https:\/\/www.imusiciveneziani.com\/wp-json\/wp\/v2\/media\/11922"}],"wp:attachment":[{"href":"https:\/\/www.imusiciveneziani.com\/wp-json\/wp\/v2\/media?parent=12697"}],"wp:term":[{"taxonomy":"category","embeddable":true,"href":"https:\/\/www.imusiciveneziani.com\/wp-json\/wp\/v2\/categories?post=12697"},{"taxonomy":"post_tag","embeddable":true,"href":"https:\/\/www.imusiciveneziani.com\/wp-json\/wp\/v2\/tags?post=12697"}],"curies":[{"name":"wp","href":"https:\/\/api.w.org\/{rel}","templated":true}]}}