{"id":12766,"date":"2021-07-30T13:07:33","date_gmt":"2021-07-30T11:07:33","guid":{"rendered":"https:\/\/www.imusiciveneziani.com\/?p=12766"},"modified":"2021-07-30T13:07:33","modified_gmt":"2021-07-30T11:07:33","slug":"curiosites-sur-vivaldi-280-ans-apres-sa-mort","status":"publish","type":"post","link":"https:\/\/www.imusiciveneziani.com\/fr\/curiosites-sur-vivaldi-280-ans-apres-sa-mort\/","title":{"rendered":"Curiosit\u00e9s sur Vivaldi \u2026  280 ans apr\u00e8s sa mort !"},"content":{"rendered":"<h2><b>Une c\u00e9l\u00e9brit\u00e9 \u00e0 Venise : curiosit\u00e9s sur Vivaldi<\/b><\/h2>\n<p>&nbsp;<\/p>\n<p><span style=\"font-weight: 400;\">En fait, sa renomm\u00e9e s&#8217;est rapidement d\u00e9velopp\u00e9e dans la Venise du XVIIIe si\u00e8cle, car Venise \u00e9tait \u00e0 tous les \u00e9gards la ville de l&#8217;<\/span><b>op\u00e9ra <\/b><span style=\"font-weight: 400;\">; et c&#8217;est au XVIIIe si\u00e8cle que les th\u00e9\u00e2tres publics ont commenc\u00e9 \u00e0 s&#8217;ouvrir : il s&#8217;agissait de lieux de divertissement o\u00f9, compte tenu du nombre limit\u00e9 de places assises, il y avait un flux constant de personnes. Et Vivaldi, eh bien, c&#8217;\u00e9tait un <\/span><b>amuseur<\/b><span style=\"font-weight: 400;\">, il connaissait bien l&#8217;aspect social de la musique et cela l&#8217;a rendu tr\u00e8s populaire (m\u00eame au-del\u00e0 de la lagune : saviez-vous que <\/span><b>Bach<\/b><span style=\"font-weight: 400;\"> a \u00e9tudi\u00e9 et transcrit Vivaldi ?). Voyons maintenant d&#8217;autres <\/span><b>curiosit\u00e9s sur Vivaldi<\/b><span style=\"font-weight: 400;\">.\u00a0<\/span><\/p>\n<p>&nbsp;<\/p>\n<h3><b>Commen\u00e7ons par le surnom : curiosit\u00e9s sur Vivaldi<\/b><\/h3>\n<p>&nbsp;<\/p>\n<p><span style=\"font-weight: 400;\">Tout le monde sait que Antonio Vivaldi \u00e9tait surnomm\u00e9 le <\/span><b>Pr\u00eatre roux<\/b><span style=\"font-weight: 400;\">. \u00ab Mais cela ne fait pas partie des <\/span><b>curiosit\u00e9s sur Vivaldi<\/b><span style=\"font-weight: 400;\"> \u00bb. Ok mais pourquoi le <\/span><b>Pr\u00eatre roux<\/b><span style=\"font-weight: 400;\"> ? Tout d&#8217;abord, parce que Antonio Vivaldi \u00e9tait un pr\u00eatre &#8211; il a \u00e9t\u00e9 ordonn\u00e9 en 1703 \u00e0 l&#8217;\u00e2ge de 25 ans &#8211; et qu&#8217;il \u00e9tait roux. Rien d&#8217;extraordinaire, vous pourriez penser \u2026 Lorsqu&#8217;il a pris ses fonctions de maestro \u00e0 l&#8217;<\/span><b>Ospedale della Piet\u00e0<\/b><span style=\"font-weight: 400;\">, il a pu disposer \u00e0 sa guise des musiciennes de l&#8217;orphelinat : ainsi, il n&#8217;\u00e9tait pas seulement roux de cheveux mais aussi roux de passion, comme le voulaient les calomniateurs &#8211; des doutes sur son int\u00e9grit\u00e9 morale ont \u00e9galement \u00e9t\u00e9 soulev\u00e9s \u00e0 la suite de sa relation \u00ab privil\u00e9gi\u00e9e \u00bb avec la chanteuse-enfant <\/span><b>Anna Gir\u00f2<\/b><span style=\"font-weight: 400;\"> pendant ses trois ann\u00e9es \u00e0 Mantoue.<\/span><\/p>\n<p>&nbsp;<\/p>\n<h3><b>La chute : curiosit\u00e9s sur Vivaldi<\/b><\/h3>\n<p><img decoding=\"async\" loading=\"lazy\" class=\"alignnone wp-image-5868 size-full\" src=\"https:\/\/www.imusiciveneziani.com\/wp-content\/uploads\/2017\/12\/antonio-vivaldi-venice.jpg\" alt=\"Antonio Vivaldi Portrait\" width=\"1200\" height=\"675\" srcset=\"https:\/\/www.imusiciveneziani.com\/wp-content\/uploads\/2017\/12\/antonio-vivaldi-venice.jpg 1200w, https:\/\/www.imusiciveneziani.com\/wp-content\/uploads\/2017\/12\/antonio-vivaldi-venice-300x169.jpg 300w, https:\/\/www.imusiciveneziani.com\/wp-content\/uploads\/2017\/12\/antonio-vivaldi-venice-768x432.jpg 768w, https:\/\/www.imusiciveneziani.com\/wp-content\/uploads\/2017\/12\/antonio-vivaldi-venice-1024x576.jpg 1024w, https:\/\/www.imusiciveneziani.com\/wp-content\/uploads\/2017\/12\/antonio-vivaldi-venice-600x338.jpg 600w\" sizes=\"(max-width: 1200px) 100vw, 1200px\" \/><\/p>\n<p><span style=\"font-weight: 400;\">Aussi rapide \u00e9tait l&#8217;ascension, aussi in\u00e9vitable \u00e9tait la chute, l&#8217;oubli. Vivaldi \u00e9tait un compositeur extraordinaire et un violoniste virtuose, mais sa popularit\u00e9 a \u00e9galement suscit\u00e9 l&#8217;envie de ses contemporains : il suffit de mentionner l&#8217;aristocrate <\/span><b>Benedetto Marcello<\/b><span style=\"font-weight: 400;\">, qui ne pouvait accepter l&#8217;extraction pl\u00e9b\u00e9ienne de Vivaldi ni son intention de rapprocher la musique du peuple. En plus, apr\u00e8s Venise, d&#8217;autres \u00e9coles de musique, comme la romaine et la napolitaine, avaient commenc\u00e9 \u00e0 s&#8217;\u00e9tablir. En 1737, \u00e0 l&#8217;\u00e2ge de soixante ans, Vivaldi a cherch\u00e9 fortune \u00e0 la cour de l&#8217;empereur autrichien Charles VI, mais la mort de ce dernier, en 1740, a mis fin \u00e0 son r\u00eave de devenir musicien de cour. Vivaldi lui-m\u00eame mourra l&#8217;ann\u00e9e suivante.\u00a0<\/span><\/p>\n<p>&nbsp;<\/p>\n<h3><b>Vigueur retrouv\u00e9e et gloire \u00e9ternelle : curiosit\u00e9s sur Vivaldi<\/b><\/h3>\n<p>&nbsp;<\/p>\n<p><span style=\"font-weight: 400;\">Ainsi, <\/span><b>280 ans<\/b><span style=\"font-weight: 400;\"> ont pass\u00e9 depuis sa mort et nous consid\u00e9rons aujourd&#8217;hui <\/span><a href=\"https:\/\/www.imusiciveneziani.com\/fr\/les-quatre-saisons-de-vivaldi-une-experience-unique-pour-vivre-la-culture-italienne\/\" target=\"_blank\" rel=\"noopener noreferrer\"><b>Les Quatre Saisons de Vivaldi<\/b><\/a><span style=\"font-weight: 400;\"> comme l&#8217;un des concertos les plus c\u00e9l\u00e8bres de l&#8217;histoire de la musique classique. Mais la gloire du compositeur v\u00e9nitien est arriv\u00e9e au moment m\u00eame o\u00f9 sa m\u00e9moire \u00e9tait sur le point de se perdre, au tout d\u00e9but du XXe si\u00e8cle. Parmi les <\/span><b>curiosit\u00e9s sur Vivaldi<\/b><span style=\"font-weight: 400;\">, il faut savoir que c&#8217;est dans les ann\u00e9es 1920 que l&#8217;on a trouv\u00e9 la plus grande collection de partitions du <\/span><b>Pr\u00eatre roux<\/b><span style=\"font-weight: 400;\">. Et pas \u00e0 Venise, mais \u00e0 Casale Monferrato et \u00e0 G\u00eanes. Et cette collection est d\u00e9sormais conserv\u00e9e \u00e0 la <\/span><b>Biblioth\u00e8que Universitaire Nationale de Turin<\/b><span style=\"font-weight: 400;\">.\u00a0<\/span><\/p>\n<p>&nbsp;<\/p>\n<p><span style=\"font-weight: 400;\">Ai-je r\u00e9ussi \u00e0 satisfaire vos <\/span><b>curiosit\u00e9s sur Vivaldi<\/b><span style=\"font-weight: 400;\"> ? Revenez maintenant \u00e0 Venise pour entendre l&#8217;extraordinaire interpr\u00e9tation de <\/span><b>Les Quatre Saisons<\/b><span style=\"font-weight: 400;\"> par l&#8217;orchestre <\/span><a href=\"https:\/\/www.imusiciveneziani.com\/fr\/\"><b>I Musici Veneziani<\/b><\/a><span style=\"font-weight: 400;\"> et profitez de la grandeur du <\/span><b>Pr\u00eatre roux<\/b><span style=\"font-weight: 400;\"> dans un lieu merveilleux comme la <\/span><a href=\"https:\/\/www.imusiciveneziani.com\/fr\/emplacement\/\" target=\"_blank\" rel=\"noopener noreferrer\"><span style=\"font-weight: 400;\">Scuola Grande di San Teodoro<\/span><\/a><span style=\"font-weight: 400;\">.\u00a0<\/span><\/p>\n<p>&nbsp;<\/p>\n<p><span style=\"font-weight: 400;\">Laissez-vous surprendre par la beaut\u00e9 de l&#8217;art !<\/span><\/p>\n","protected":false},"excerpt":{"rendered":"<p>Une c\u00e9l\u00e9brit\u00e9 \u00e0 Venise : curiosit\u00e9s sur Vivaldi &nbsp; En fait, sa renomm\u00e9e s&#8217;est rapidement d\u00e9velopp\u00e9e dans la Venise du&#8230;<\/p>\n","protected":false},"author":1,"featured_media":12767,"comment_status":"closed","ping_status":"closed","sticky":false,"template":"","format":"standard","meta":[],"categories":[168],"tags":[217,213,271],"acf":[],"yoast_head":"<!-- This site is optimized with the Yoast SEO plugin v21.5 - https:\/\/yoast.com\/wordpress\/plugins\/seo\/ -->\n<title>Curiosit\u00e9s sur Vivaldi \u2026 280 ans apr\u00e8s sa mort ! | I Musici Veneziani<\/title>\n<meta name=\"description\" content=\"Ai-je r\u00e9ussi \u00e0 satisfaire vos curiosit\u00e9s sur Vivaldi ? Revenez maintenant \u00e0 Venise pour entendre l&#039;extraordinaire interpr\u00e9tation de Les Quatre Saisons\" \/>\n<meta name=\"robots\" content=\"index, follow, max-snippet:-1, max-image-preview:large, max-video-preview:-1\" \/>\n<link rel=\"canonical\" href=\"https:\/\/www.imusiciveneziani.com\/fr\/curiosites-sur-vivaldi-280-ans-apres-sa-mort\/\" \/>\n<meta property=\"og:locale\" content=\"it_IT\" \/>\n<meta property=\"og:type\" content=\"article\" \/>\n<meta property=\"og:title\" content=\"Curiosit\u00e9s sur Vivaldi \u2026 280 ans apr\u00e8s sa mort ! | I Musici Veneziani\" \/>\n<meta property=\"og:description\" content=\"Ai-je r\u00e9ussi \u00e0 satisfaire vos curiosit\u00e9s sur Vivaldi ? Revenez maintenant \u00e0 Venise pour entendre l&#039;extraordinaire interpr\u00e9tation de Les Quatre Saisons\" \/>\n<meta property=\"og:url\" content=\"https:\/\/www.imusiciveneziani.com\/fr\/curiosites-sur-vivaldi-280-ans-apres-sa-mort\/\" \/>\n<meta property=\"og:site_name\" content=\"I Musici Veneziani\" \/>\n<meta property=\"article:published_time\" content=\"2021-07-30T11:07:33+00:00\" \/>\n<meta property=\"og:image\" content=\"https:\/\/www.imusiciveneziani.com\/wp-content\/uploads\/2021\/07\/curiosites-sur-antonio_vivaldi.jpg\" \/>\n\t<meta property=\"og:image:width\" content=\"1200\" \/>\n\t<meta property=\"og:image:height\" content=\"800\" \/>\n\t<meta property=\"og:image:type\" content=\"image\/jpeg\" \/>\n<meta name=\"author\" content=\"adminMusici\" \/>\n<meta name=\"twitter:card\" content=\"summary_large_image\" \/>\n<meta name=\"twitter:label1\" content=\"Scritto da\" \/>\n\t<meta name=\"twitter:data1\" content=\"adminMusici\" \/>\n\t<meta name=\"twitter:label2\" content=\"Tempo di lettura stimato\" \/>\n\t<meta name=\"twitter:data2\" content=\"3 minuti\" \/>\n<script type=\"application\/ld+json\" class=\"yoast-schema-graph\">{\"@context\":\"https:\/\/schema.org\",\"@graph\":[{\"@type\":\"Article\",\"@id\":\"https:\/\/www.imusiciveneziani.com\/fr\/curiosites-sur-vivaldi-280-ans-apres-sa-mort\/#article\",\"isPartOf\":{\"@id\":\"https:\/\/www.imusiciveneziani.com\/fr\/curiosites-sur-vivaldi-280-ans-apres-sa-mort\/\"},\"author\":{\"name\":\"adminMusici\",\"@id\":\"https:\/\/www.imusiciveneziani.com\/#\/schema\/person\/48238662f6e86f16b24e2c9c7bcb51ce\"},\"headline\":\"Curiosit\u00e9s sur Vivaldi \u2026 280 ans apr\u00e8s sa mort !\",\"datePublished\":\"2021-07-30T11:07:33+00:00\",\"dateModified\":\"2021-07-30T11:07:33+00:00\",\"mainEntityOfPage\":{\"@id\":\"https:\/\/www.imusiciveneziani.com\/fr\/curiosites-sur-vivaldi-280-ans-apres-sa-mort\/\"},\"wordCount\":610,\"publisher\":{\"@id\":\"https:\/\/www.imusiciveneziani.com\/#organization\"},\"keywords\":[\"musique classique\",\"Venise\",\"Vivaldi\"],\"articleSection\":[\"Blog\"],\"inLanguage\":\"it-IT\"},{\"@type\":\"WebPage\",\"@id\":\"https:\/\/www.imusiciveneziani.com\/fr\/curiosites-sur-vivaldi-280-ans-apres-sa-mort\/\",\"url\":\"https:\/\/www.imusiciveneziani.com\/fr\/curiosites-sur-vivaldi-280-ans-apres-sa-mort\/\",\"name\":\"Curiosit\u00e9s sur Vivaldi \u2026 280 ans apr\u00e8s sa mort ! | I Musici Veneziani\",\"isPartOf\":{\"@id\":\"https:\/\/www.imusiciveneziani.com\/#website\"},\"datePublished\":\"2021-07-30T11:07:33+00:00\",\"dateModified\":\"2021-07-30T11:07:33+00:00\",\"description\":\"Ai-je r\u00e9ussi \u00e0 satisfaire vos curiosit\u00e9s sur Vivaldi ? Revenez maintenant \u00e0 Venise pour entendre l'extraordinaire interpr\u00e9tation de Les Quatre Saisons\",\"breadcrumb\":{\"@id\":\"https:\/\/www.imusiciveneziani.com\/fr\/curiosites-sur-vivaldi-280-ans-apres-sa-mort\/#breadcrumb\"},\"inLanguage\":\"it-IT\",\"potentialAction\":[{\"@type\":\"ReadAction\",\"target\":[\"https:\/\/www.imusiciveneziani.com\/fr\/curiosites-sur-vivaldi-280-ans-apres-sa-mort\/\"]}]},{\"@type\":\"BreadcrumbList\",\"@id\":\"https:\/\/www.imusiciveneziani.com\/fr\/curiosites-sur-vivaldi-280-ans-apres-sa-mort\/#breadcrumb\",\"itemListElement\":[{\"@type\":\"ListItem\",\"position\":1,\"name\":\"Home\",\"item\":\"https:\/\/www.imusiciveneziani.com\/\"},{\"@type\":\"ListItem\",\"position\":2,\"name\":\"Curiosit\u00e9s sur Vivaldi \u2026 280 ans apr\u00e8s sa mort !\"}]},{\"@type\":\"WebSite\",\"@id\":\"https:\/\/www.imusiciveneziani.com\/#website\",\"url\":\"https:\/\/www.imusiciveneziani.com\/\",\"name\":\"I Musici Veneziani\",\"description\":\"Orchestra e cantanti in costumi del XVIII secolo\",\"publisher\":{\"@id\":\"https:\/\/www.imusiciveneziani.com\/#organization\"},\"potentialAction\":[{\"@type\":\"SearchAction\",\"target\":{\"@type\":\"EntryPoint\",\"urlTemplate\":\"https:\/\/www.imusiciveneziani.com\/?s={search_term_string}\"},\"query-input\":\"required name=search_term_string\"}],\"inLanguage\":\"it-IT\"},{\"@type\":\"Organization\",\"@id\":\"https:\/\/www.imusiciveneziani.com\/#organization\",\"name\":\"I Musici Veneziani\",\"url\":\"https:\/\/www.imusiciveneziani.com\/\",\"logo\":{\"@type\":\"ImageObject\",\"inLanguage\":\"it-IT\",\"@id\":\"https:\/\/www.imusiciveneziani.com\/#\/schema\/logo\/image\/\",\"url\":\"https:\/\/beta.newwave-media.it\/musici\/wp-content\/uploads\/2018\/01\/logo_voucher-2.jpg\",\"contentUrl\":\"https:\/\/beta.newwave-media.it\/musici\/wp-content\/uploads\/2018\/01\/logo_voucher-2.jpg\",\"width\":400,\"height\":200,\"caption\":\"I Musici Veneziani\"},\"image\":{\"@id\":\"https:\/\/www.imusiciveneziani.com\/#\/schema\/logo\/image\/\"}},{\"@type\":\"Person\",\"@id\":\"https:\/\/www.imusiciveneziani.com\/#\/schema\/person\/48238662f6e86f16b24e2c9c7bcb51ce\",\"name\":\"adminMusici\",\"image\":{\"@type\":\"ImageObject\",\"inLanguage\":\"it-IT\",\"@id\":\"https:\/\/www.imusiciveneziani.com\/#\/schema\/person\/image\/\",\"url\":\"https:\/\/secure.gravatar.com\/avatar\/e9e24ce0c7fb2f21ea6ca24c548a0669?s=96&d=mm&r=g\",\"contentUrl\":\"https:\/\/secure.gravatar.com\/avatar\/e9e24ce0c7fb2f21ea6ca24c548a0669?s=96&d=mm&r=g\",\"caption\":\"adminMusici\"}}]}<\/script>\n<!-- \/ Yoast SEO plugin. -->","yoast_head_json":{"title":"Curiosit\u00e9s sur Vivaldi \u2026 280 ans apr\u00e8s sa mort ! | I Musici Veneziani","description":"Ai-je r\u00e9ussi \u00e0 satisfaire vos curiosit\u00e9s sur Vivaldi ? Revenez maintenant \u00e0 Venise pour entendre l'extraordinaire interpr\u00e9tation de Les Quatre Saisons","robots":{"index":"index","follow":"follow","max-snippet":"max-snippet:-1","max-image-preview":"max-image-preview:large","max-video-preview":"max-video-preview:-1"},"canonical":"https:\/\/www.imusiciveneziani.com\/fr\/curiosites-sur-vivaldi-280-ans-apres-sa-mort\/","og_locale":"it_IT","og_type":"article","og_title":"Curiosit\u00e9s sur Vivaldi \u2026 280 ans apr\u00e8s sa mort ! | I Musici Veneziani","og_description":"Ai-je r\u00e9ussi \u00e0 satisfaire vos curiosit\u00e9s sur Vivaldi ? Revenez maintenant \u00e0 Venise pour entendre l'extraordinaire interpr\u00e9tation de Les Quatre Saisons","og_url":"https:\/\/www.imusiciveneziani.com\/fr\/curiosites-sur-vivaldi-280-ans-apres-sa-mort\/","og_site_name":"I Musici Veneziani","article_published_time":"2021-07-30T11:07:33+00:00","og_image":[{"width":1200,"height":800,"url":"https:\/\/www.imusiciveneziani.com\/wp-content\/uploads\/2021\/07\/curiosites-sur-antonio_vivaldi.jpg","type":"image\/jpeg"}],"author":"adminMusici","twitter_card":"summary_large_image","twitter_misc":{"Scritto da":"adminMusici","Tempo di lettura stimato":"3 minuti"},"schema":{"@context":"https:\/\/schema.org","@graph":[{"@type":"Article","@id":"https:\/\/www.imusiciveneziani.com\/fr\/curiosites-sur-vivaldi-280-ans-apres-sa-mort\/#article","isPartOf":{"@id":"https:\/\/www.imusiciveneziani.com\/fr\/curiosites-sur-vivaldi-280-ans-apres-sa-mort\/"},"author":{"name":"adminMusici","@id":"https:\/\/www.imusiciveneziani.com\/#\/schema\/person\/48238662f6e86f16b24e2c9c7bcb51ce"},"headline":"Curiosit\u00e9s sur Vivaldi \u2026 280 ans apr\u00e8s sa mort !","datePublished":"2021-07-30T11:07:33+00:00","dateModified":"2021-07-30T11:07:33+00:00","mainEntityOfPage":{"@id":"https:\/\/www.imusiciveneziani.com\/fr\/curiosites-sur-vivaldi-280-ans-apres-sa-mort\/"},"wordCount":610,"publisher":{"@id":"https:\/\/www.imusiciveneziani.com\/#organization"},"keywords":["musique classique","Venise","Vivaldi"],"articleSection":["Blog"],"inLanguage":"it-IT"},{"@type":"WebPage","@id":"https:\/\/www.imusiciveneziani.com\/fr\/curiosites-sur-vivaldi-280-ans-apres-sa-mort\/","url":"https:\/\/www.imusiciveneziani.com\/fr\/curiosites-sur-vivaldi-280-ans-apres-sa-mort\/","name":"Curiosit\u00e9s sur Vivaldi \u2026 280 ans apr\u00e8s sa mort ! | I Musici Veneziani","isPartOf":{"@id":"https:\/\/www.imusiciveneziani.com\/#website"},"datePublished":"2021-07-30T11:07:33+00:00","dateModified":"2021-07-30T11:07:33+00:00","description":"Ai-je r\u00e9ussi \u00e0 satisfaire vos curiosit\u00e9s sur Vivaldi ? Revenez maintenant \u00e0 Venise pour entendre l'extraordinaire interpr\u00e9tation de Les Quatre Saisons","breadcrumb":{"@id":"https:\/\/www.imusiciveneziani.com\/fr\/curiosites-sur-vivaldi-280-ans-apres-sa-mort\/#breadcrumb"},"inLanguage":"it-IT","potentialAction":[{"@type":"ReadAction","target":["https:\/\/www.imusiciveneziani.com\/fr\/curiosites-sur-vivaldi-280-ans-apres-sa-mort\/"]}]},{"@type":"BreadcrumbList","@id":"https:\/\/www.imusiciveneziani.com\/fr\/curiosites-sur-vivaldi-280-ans-apres-sa-mort\/#breadcrumb","itemListElement":[{"@type":"ListItem","position":1,"name":"Home","item":"https:\/\/www.imusiciveneziani.com\/"},{"@type":"ListItem","position":2,"name":"Curiosit\u00e9s sur Vivaldi \u2026 280 ans apr\u00e8s sa mort !"}]},{"@type":"WebSite","@id":"https:\/\/www.imusiciveneziani.com\/#website","url":"https:\/\/www.imusiciveneziani.com\/","name":"I Musici Veneziani","description":"Orchestra e cantanti in costumi del XVIII secolo","publisher":{"@id":"https:\/\/www.imusiciveneziani.com\/#organization"},"potentialAction":[{"@type":"SearchAction","target":{"@type":"EntryPoint","urlTemplate":"https:\/\/www.imusiciveneziani.com\/?s={search_term_string}"},"query-input":"required name=search_term_string"}],"inLanguage":"it-IT"},{"@type":"Organization","@id":"https:\/\/www.imusiciveneziani.com\/#organization","name":"I Musici Veneziani","url":"https:\/\/www.imusiciveneziani.com\/","logo":{"@type":"ImageObject","inLanguage":"it-IT","@id":"https:\/\/www.imusiciveneziani.com\/#\/schema\/logo\/image\/","url":"https:\/\/beta.newwave-media.it\/musici\/wp-content\/uploads\/2018\/01\/logo_voucher-2.jpg","contentUrl":"https:\/\/beta.newwave-media.it\/musici\/wp-content\/uploads\/2018\/01\/logo_voucher-2.jpg","width":400,"height":200,"caption":"I Musici Veneziani"},"image":{"@id":"https:\/\/www.imusiciveneziani.com\/#\/schema\/logo\/image\/"}},{"@type":"Person","@id":"https:\/\/www.imusiciveneziani.com\/#\/schema\/person\/48238662f6e86f16b24e2c9c7bcb51ce","name":"adminMusici","image":{"@type":"ImageObject","inLanguage":"it-IT","@id":"https:\/\/www.imusiciveneziani.com\/#\/schema\/person\/image\/","url":"https:\/\/secure.gravatar.com\/avatar\/e9e24ce0c7fb2f21ea6ca24c548a0669?s=96&d=mm&r=g","contentUrl":"https:\/\/secure.gravatar.com\/avatar\/e9e24ce0c7fb2f21ea6ca24c548a0669?s=96&d=mm&r=g","caption":"adminMusici"}}]}},"_links":{"self":[{"href":"https:\/\/www.imusiciveneziani.com\/wp-json\/wp\/v2\/posts\/12766"}],"collection":[{"href":"https:\/\/www.imusiciveneziani.com\/wp-json\/wp\/v2\/posts"}],"about":[{"href":"https:\/\/www.imusiciveneziani.com\/wp-json\/wp\/v2\/types\/post"}],"author":[{"embeddable":true,"href":"https:\/\/www.imusiciveneziani.com\/wp-json\/wp\/v2\/users\/1"}],"replies":[{"embeddable":true,"href":"https:\/\/www.imusiciveneziani.com\/wp-json\/wp\/v2\/comments?post=12766"}],"version-history":[{"count":0,"href":"https:\/\/www.imusiciveneziani.com\/wp-json\/wp\/v2\/posts\/12766\/revisions"}],"wp:featuredmedia":[{"embeddable":true,"href":"https:\/\/www.imusiciveneziani.com\/wp-json\/wp\/v2\/media\/12767"}],"wp:attachment":[{"href":"https:\/\/www.imusiciveneziani.com\/wp-json\/wp\/v2\/media?parent=12766"}],"wp:term":[{"taxonomy":"category","embeddable":true,"href":"https:\/\/www.imusiciveneziani.com\/wp-json\/wp\/v2\/categories?post=12766"},{"taxonomy":"post_tag","embeddable":true,"href":"https:\/\/www.imusiciveneziani.com\/wp-json\/wp\/v2\/tags?post=12766"}],"curies":[{"name":"wp","href":"https:\/\/api.w.org\/{rel}","templated":true}]}}