{"id":13347,"date":"2021-09-02T15:19:34","date_gmt":"2021-09-02T13:19:34","guid":{"rendered":"https:\/\/www.imusiciveneziani.com\/?p=13347"},"modified":"2022-12-22T16:09:37","modified_gmt":"2022-12-22T15:09:37","slug":"concerts-en-aout-en-italie-les-plus-beaux-spectacles-a-venise","status":"publish","type":"post","link":"https:\/\/www.imusiciveneziani.com\/fr\/concerts-en-aout-en-italie-les-plus-beaux-spectacles-a-venise\/","title":{"rendered":"Concerts en ao\u00fbt en Italie : les plus beaux spectacles \u00e0 Venise"},"content":{"rendered":"<h2><b>Vous cherchez des concerts en ao\u00fbt en Italie ? Simple, \u00e0 Venise<\/b><\/h2>\n<p>&nbsp;<\/p>\n<p><span style=\"font-weight: 400;\">Chers amateurs de musique classique du monde entier, ces conseils sont pour vous, car votre passion ne part pas en vacances. Et si votre amour ne s&#8217;\u00e9teint pas, <\/span><b>Venise<\/b><span style=\"font-weight: 400;\"> est l\u00e0 pour l&#8217;accueillir. En fait, si vous cherchez des <\/span><b>concerts en ao\u00fbt en Italie<\/b><span style=\"font-weight: 400;\">, la S\u00e9r\u00e9nissime est pr\u00eate \u00e0 vous offrir une exp\u00e9rience inoubliable. Alors, o\u00f9 trouver <\/span><a href=\"https:\/\/www.imusiciveneziani.com\/fr\/les-meilleurs-spectacles-a-voir-a-venise-pendant-vos-vacances\/\" target=\"_blank\" rel=\"noopener noreferrer\"><b>les meilleurs spectacles \u00e0 voir \u00e0 Venise<\/b><\/a><span style=\"font-weight: 400;\"> ? Ne vous inqui\u00e9tez pas, je vous dirai tout.<\/span><\/p>\n<p>&nbsp;<\/p>\n<h3><b>Concerts en ao\u00fbt en Italie : une perle cach\u00e9e parmi les calli de Venise<\/b><\/h3>\n<p>&nbsp;<\/p>\n<p><span style=\"font-weight: 400;\">En vous promenant dans le quartier de San Marco, \u00e0 deux minutes du c\u00e9l\u00e8bre <\/span><b>pont du Rialto<\/b><span style=\"font-weight: 400;\">, vous vous retrouverez au <\/span><b>Campo San Salvador<\/b><span style=\"font-weight: 400;\"> : il s&#8217;agit d&#8217;une petite place, domin\u00e9e par l&#8217;ancienne \u00e9glise de San Salvador (certains pensent qu&#8217;elle a \u00e9t\u00e9 fond\u00e9e en 638) et la <\/span><b>Scuola Grande di San Teodoro<\/b><span style=\"font-weight: 400;\">, si\u00e8ge de la plus ancienne confr\u00e9rie v\u00e9nitienne. La Scuola Grande, achev\u00e9e en 1692 gr\u00e2ce au travail de trois architectes, Antonio et Giuseppe Sardi mais surtout Baldassarre Longhena, peut \u00eatre consid\u00e9r\u00e9e comme un chef-d&#8217;\u0153uvre baroque. Donc, si vous cherchez des <\/span><b>concerts en ao\u00fbt en Italie<\/b><span style=\"font-weight: 400;\">, la <\/span><b>salle capitulaire<\/b><span style=\"font-weight: 400;\"> de la Scuola sera l&#8217;endroit id\u00e9al pour assouvir votre passion, et la musique baroque comblera votre d\u00e9sir.<\/span><\/p>\n<p>&nbsp;<\/p>\n<h3><b>L&#8217;essence du baroque pour vos concerts en ao\u00fbt en Italie<\/b><\/h3>\n<p>&nbsp;<\/p>\n<p><span style=\"font-weight: 400;\">En effet, quand on parle du baroque, on parle de Venise ; et d&#8217;un point de vue musical, quand on parle de la Venise baroque, on ne peut manquer de mentionner le \u00ab pr\u00eatre roux \u00bb, <\/span><b>Antonio Vivaldi<\/b><span style=\"font-weight: 400;\">, qui fut peut-\u00eatre, avec <\/span><b>Jean-S\u00e9bastien Bach<\/b><span style=\"font-weight: 400;\">, le plus grand repr\u00e9sentant de la musique baroque au monde. Qui parmi vous, amateurs de musique classique, ne conna\u00eet pas <\/span><a href=\"https:\/\/www.imusiciveneziani.com\/fr\/les-quatre-saisons-de-vivaldi-une-experience-unique-pour-vivre-la-culture-italienne\/\" target=\"_blank\" rel=\"noopener noreferrer\"><b>Les Quatre Saisons<\/b> <b>de Vivaldi<\/b><\/a><span style=\"font-weight: 400;\"> ? Alors pour vos <\/span><b>concerts en ao\u00fbt en Italie<\/b><span style=\"font-weight: 400;\">, choisissez le cadre extraordinaire de la <\/span><b>Scuola Grande di San Teodoro<\/b><span style=\"font-weight: 400;\"> \u00e0 Venise. Certes, vous ne le regretterez pas !<\/span><\/p>\n<p>&nbsp;<\/p>\n<h3><b>Concerts en ao\u00fbt en Italie : baroque mais pas seulement \u2026<\/b><\/h3>\n<p>&nbsp;<\/p>\n<p><span style=\"font-weight: 400;\">En effet, gr\u00e2ce \u00e0 l&#8217;extraordinaire orchestre de \u00ab <\/span><b>I Musici Veneziani <\/b><span style=\"font-weight: 400;\">\u00bb, le seul orchestre au monde habill\u00e9 en <\/span><b>costumes d&#8217;\u00e9poque<\/b><span style=\"font-weight: 400;\">, vous serez emmen\u00e9 dans un voyage inoubliable \u00e0 travers la musique classique et l&#8217;op\u00e9ra en particulier. Le spectacle <\/span><b>Baroque et op\u00e9ra<\/b><span style=\"font-weight: 400;\"> est, \u00e0 tous les \u00e9gards, un hommage au genre de l&#8217;op\u00e9ra. Des airs d&#8217;op\u00e9ra, parmi les plus c\u00e9l\u00e8bres de l&#8217;histoire, vous permettront de revivre la grandeur de la culture musicale italienne et au-del\u00e0 : de <\/span><b>Domenica Cimarosa<\/b><span style=\"font-weight: 400;\"> \u00e0 <\/span><b>Gioacchino Rossini<\/b><span style=\"font-weight: 400;\"> ; de <\/span><b>Giuseppe Verdi<\/b><span style=\"font-weight: 400;\"> \u00e0 <\/span><b>Giacomo Puccini<\/b><span style=\"font-weight: 400;\"> ; mais aussi <\/span><b>Offenbach<\/b><span style=\"font-weight: 400;\"> et <\/span><b>Mozart<\/b><span style=\"font-weight: 400;\">. En ce qui concerne les <\/span><b>concerts en ao\u00fbt en Italie<\/b><span style=\"font-weight: 400;\">, vous ne trouverez pas mieux.<\/span><\/p>\n<p>&nbsp;<\/p>\n<p><span style=\"font-weight: 400;\">Visitez la section \u00ab <\/span><a href=\"https:\/\/www.imusiciveneziani.com\/fr\/spectacles\/\" target=\"_blank\" rel=\"noopener noreferrer\"><span style=\"font-weight: 400;\">Spectacles<\/span><\/a><span style=\"font-weight: 400;\"> \u00bb et choisissez le concert programm\u00e9 pour satisfaire votre envie de <\/span><b>concerts en ao\u00fbt en Italie<\/b><span style=\"font-weight: 400;\">.\u00a0<\/span><\/p>\n<p>&nbsp;<\/p>\n<p><span style=\"font-weight: 400;\">Et alors ? Que faites-vous encore ici ? N&#8217;h\u00e9sitez pas \u00e0 r\u00e9server vos billets !\u00a0<\/span><\/p>\n","protected":false},"excerpt":{"rendered":"<p>Vous cherchez des concerts en ao\u00fbt en Italie ? Simple, \u00e0 Venise &nbsp; Chers amateurs de musique classique du monde&#8230;<\/p>\n","protected":false},"author":1,"featured_media":11066,"comment_status":"closed","ping_status":"closed","sticky":false,"template":"","format":"standard","meta":[],"categories":[168],"tags":[310,315,313,314,311,312,271],"acf":[],"yoast_head":"<!-- This site is optimized with the Yoast SEO plugin v21.5 - https:\/\/yoast.com\/wordpress\/plugins\/seo\/ -->\n<title>Concerts en ao\u00fbt en Italie : les plus beaux spectacles \u00e0 Venise | I Musici Veneziani<\/title>\n<meta name=\"description\" content=\"Le spectacle Baroque et op\u00e9ra est un hommage au genre de l&#039;op\u00e9ra. En ce qui concerne les concerts en ao\u00fbt en Italie, vous ne trouverez pas mieux.\" \/>\n<meta name=\"robots\" content=\"index, follow, max-snippet:-1, max-image-preview:large, max-video-preview:-1\" \/>\n<link rel=\"canonical\" href=\"https:\/\/www.imusiciveneziani.com\/fr\/concerts-en-aout-en-italie-les-plus-beaux-spectacles-a-venise\/\" \/>\n<meta property=\"og:locale\" content=\"it_IT\" \/>\n<meta property=\"og:type\" content=\"article\" \/>\n<meta property=\"og:title\" content=\"Concerts en ao\u00fbt en Italie : les plus beaux spectacles \u00e0 Venise | I Musici Veneziani\" \/>\n<meta property=\"og:description\" content=\"Le spectacle Baroque et op\u00e9ra est un hommage au genre de l&#039;op\u00e9ra. En ce qui concerne les concerts en ao\u00fbt en Italie, vous ne trouverez pas mieux.\" \/>\n<meta property=\"og:url\" content=\"https:\/\/www.imusiciveneziani.com\/fr\/concerts-en-aout-en-italie-les-plus-beaux-spectacles-a-venise\/\" \/>\n<meta property=\"og:site_name\" content=\"I Musici Veneziani\" \/>\n<meta property=\"article:published_time\" content=\"2021-09-02T13:19:34+00:00\" \/>\n<meta property=\"article:modified_time\" content=\"2022-12-22T15:09:37+00:00\" \/>\n<meta property=\"og:image\" content=\"https:\/\/www.imusiciveneziani.com\/wp-content\/uploads\/2020\/06\/concerts-de-musiciens-en-costume.jpg\" \/>\n\t<meta property=\"og:image:width\" content=\"1201\" \/>\n\t<meta property=\"og:image:height\" content=\"798\" \/>\n\t<meta property=\"og:image:type\" content=\"image\/jpeg\" \/>\n<meta name=\"author\" content=\"adminMusici\" \/>\n<meta name=\"twitter:card\" content=\"summary_large_image\" \/>\n<meta name=\"twitter:label1\" content=\"Scritto da\" \/>\n\t<meta name=\"twitter:data1\" content=\"adminMusici\" \/>\n\t<meta name=\"twitter:label2\" content=\"Tempo di lettura stimato\" \/>\n\t<meta name=\"twitter:data2\" content=\"3 minuti\" \/>\n<script type=\"application\/ld+json\" class=\"yoast-schema-graph\">{\"@context\":\"https:\/\/schema.org\",\"@graph\":[{\"@type\":\"Article\",\"@id\":\"https:\/\/www.imusiciveneziani.com\/fr\/concerts-en-aout-en-italie-les-plus-beaux-spectacles-a-venise\/#article\",\"isPartOf\":{\"@id\":\"https:\/\/www.imusiciveneziani.com\/fr\/concerts-en-aout-en-italie-les-plus-beaux-spectacles-a-venise\/\"},\"author\":{\"name\":\"adminMusici\",\"@id\":\"https:\/\/www.imusiciveneziani.com\/#\/schema\/person\/48238662f6e86f16b24e2c9c7bcb51ce\"},\"headline\":\"Concerts en ao\u00fbt en Italie : les plus beaux spectacles \u00e0 Venise\",\"datePublished\":\"2021-09-02T13:19:34+00:00\",\"dateModified\":\"2022-12-22T15:09:37+00:00\",\"mainEntityOfPage\":{\"@id\":\"https:\/\/www.imusiciveneziani.com\/fr\/concerts-en-aout-en-italie-les-plus-beaux-spectacles-a-venise\/\"},\"wordCount\":524,\"publisher\":{\"@id\":\"https:\/\/www.imusiciveneziani.com\/#organization\"},\"keywords\":[\"ao\u00fbt\",\"Baroque\",\"classique\",\"concerts\",\"Italie\",\"musique\",\"Vivaldi\"],\"articleSection\":[\"Blog\"],\"inLanguage\":\"it-IT\"},{\"@type\":\"WebPage\",\"@id\":\"https:\/\/www.imusiciveneziani.com\/fr\/concerts-en-aout-en-italie-les-plus-beaux-spectacles-a-venise\/\",\"url\":\"https:\/\/www.imusiciveneziani.com\/fr\/concerts-en-aout-en-italie-les-plus-beaux-spectacles-a-venise\/\",\"name\":\"Concerts en ao\u00fbt en Italie : les plus beaux spectacles \u00e0 Venise | I Musici Veneziani\",\"isPartOf\":{\"@id\":\"https:\/\/www.imusiciveneziani.com\/#website\"},\"datePublished\":\"2021-09-02T13:19:34+00:00\",\"dateModified\":\"2022-12-22T15:09:37+00:00\",\"description\":\"Le spectacle Baroque et op\u00e9ra est un hommage au genre de l'op\u00e9ra. En ce qui concerne les concerts en ao\u00fbt en Italie, vous ne trouverez pas mieux.\",\"breadcrumb\":{\"@id\":\"https:\/\/www.imusiciveneziani.com\/fr\/concerts-en-aout-en-italie-les-plus-beaux-spectacles-a-venise\/#breadcrumb\"},\"inLanguage\":\"it-IT\",\"potentialAction\":[{\"@type\":\"ReadAction\",\"target\":[\"https:\/\/www.imusiciveneziani.com\/fr\/concerts-en-aout-en-italie-les-plus-beaux-spectacles-a-venise\/\"]}]},{\"@type\":\"BreadcrumbList\",\"@id\":\"https:\/\/www.imusiciveneziani.com\/fr\/concerts-en-aout-en-italie-les-plus-beaux-spectacles-a-venise\/#breadcrumb\",\"itemListElement\":[{\"@type\":\"ListItem\",\"position\":1,\"name\":\"Home\",\"item\":\"https:\/\/www.imusiciveneziani.com\/\"},{\"@type\":\"ListItem\",\"position\":2,\"name\":\"Concerts en ao\u00fbt en Italie : les plus beaux spectacles \u00e0 Venise\"}]},{\"@type\":\"WebSite\",\"@id\":\"https:\/\/www.imusiciveneziani.com\/#website\",\"url\":\"https:\/\/www.imusiciveneziani.com\/\",\"name\":\"I Musici Veneziani\",\"description\":\"Orchestra e cantanti in costumi del XVIII secolo\",\"publisher\":{\"@id\":\"https:\/\/www.imusiciveneziani.com\/#organization\"},\"potentialAction\":[{\"@type\":\"SearchAction\",\"target\":{\"@type\":\"EntryPoint\",\"urlTemplate\":\"https:\/\/www.imusiciveneziani.com\/?s={search_term_string}\"},\"query-input\":\"required name=search_term_string\"}],\"inLanguage\":\"it-IT\"},{\"@type\":\"Organization\",\"@id\":\"https:\/\/www.imusiciveneziani.com\/#organization\",\"name\":\"I Musici Veneziani\",\"url\":\"https:\/\/www.imusiciveneziani.com\/\",\"logo\":{\"@type\":\"ImageObject\",\"inLanguage\":\"it-IT\",\"@id\":\"https:\/\/www.imusiciveneziani.com\/#\/schema\/logo\/image\/\",\"url\":\"https:\/\/beta.newwave-media.it\/musici\/wp-content\/uploads\/2018\/01\/logo_voucher-2.jpg\",\"contentUrl\":\"https:\/\/beta.newwave-media.it\/musici\/wp-content\/uploads\/2018\/01\/logo_voucher-2.jpg\",\"width\":400,\"height\":200,\"caption\":\"I Musici Veneziani\"},\"image\":{\"@id\":\"https:\/\/www.imusiciveneziani.com\/#\/schema\/logo\/image\/\"}},{\"@type\":\"Person\",\"@id\":\"https:\/\/www.imusiciveneziani.com\/#\/schema\/person\/48238662f6e86f16b24e2c9c7bcb51ce\",\"name\":\"adminMusici\",\"image\":{\"@type\":\"ImageObject\",\"inLanguage\":\"it-IT\",\"@id\":\"https:\/\/www.imusiciveneziani.com\/#\/schema\/person\/image\/\",\"url\":\"https:\/\/secure.gravatar.com\/avatar\/e9e24ce0c7fb2f21ea6ca24c548a0669?s=96&d=mm&r=g\",\"contentUrl\":\"https:\/\/secure.gravatar.com\/avatar\/e9e24ce0c7fb2f21ea6ca24c548a0669?s=96&d=mm&r=g\",\"caption\":\"adminMusici\"}}]}<\/script>\n<!-- \/ Yoast SEO plugin. -->","yoast_head_json":{"title":"Concerts en ao\u00fbt en Italie : les plus beaux spectacles \u00e0 Venise | I Musici Veneziani","description":"Le spectacle Baroque et op\u00e9ra est un hommage au genre de l'op\u00e9ra. En ce qui concerne les concerts en ao\u00fbt en Italie, vous ne trouverez pas mieux.","robots":{"index":"index","follow":"follow","max-snippet":"max-snippet:-1","max-image-preview":"max-image-preview:large","max-video-preview":"max-video-preview:-1"},"canonical":"https:\/\/www.imusiciveneziani.com\/fr\/concerts-en-aout-en-italie-les-plus-beaux-spectacles-a-venise\/","og_locale":"it_IT","og_type":"article","og_title":"Concerts en ao\u00fbt en Italie : les plus beaux spectacles \u00e0 Venise | I Musici Veneziani","og_description":"Le spectacle Baroque et op\u00e9ra est un hommage au genre de l'op\u00e9ra. En ce qui concerne les concerts en ao\u00fbt en Italie, vous ne trouverez pas mieux.","og_url":"https:\/\/www.imusiciveneziani.com\/fr\/concerts-en-aout-en-italie-les-plus-beaux-spectacles-a-venise\/","og_site_name":"I Musici Veneziani","article_published_time":"2021-09-02T13:19:34+00:00","article_modified_time":"2022-12-22T15:09:37+00:00","og_image":[{"width":1201,"height":798,"url":"https:\/\/www.imusiciveneziani.com\/wp-content\/uploads\/2020\/06\/concerts-de-musiciens-en-costume.jpg","type":"image\/jpeg"}],"author":"adminMusici","twitter_card":"summary_large_image","twitter_misc":{"Scritto da":"adminMusici","Tempo di lettura stimato":"3 minuti"},"schema":{"@context":"https:\/\/schema.org","@graph":[{"@type":"Article","@id":"https:\/\/www.imusiciveneziani.com\/fr\/concerts-en-aout-en-italie-les-plus-beaux-spectacles-a-venise\/#article","isPartOf":{"@id":"https:\/\/www.imusiciveneziani.com\/fr\/concerts-en-aout-en-italie-les-plus-beaux-spectacles-a-venise\/"},"author":{"name":"adminMusici","@id":"https:\/\/www.imusiciveneziani.com\/#\/schema\/person\/48238662f6e86f16b24e2c9c7bcb51ce"},"headline":"Concerts en ao\u00fbt en Italie : les plus beaux spectacles \u00e0 Venise","datePublished":"2021-09-02T13:19:34+00:00","dateModified":"2022-12-22T15:09:37+00:00","mainEntityOfPage":{"@id":"https:\/\/www.imusiciveneziani.com\/fr\/concerts-en-aout-en-italie-les-plus-beaux-spectacles-a-venise\/"},"wordCount":524,"publisher":{"@id":"https:\/\/www.imusiciveneziani.com\/#organization"},"keywords":["ao\u00fbt","Baroque","classique","concerts","Italie","musique","Vivaldi"],"articleSection":["Blog"],"inLanguage":"it-IT"},{"@type":"WebPage","@id":"https:\/\/www.imusiciveneziani.com\/fr\/concerts-en-aout-en-italie-les-plus-beaux-spectacles-a-venise\/","url":"https:\/\/www.imusiciveneziani.com\/fr\/concerts-en-aout-en-italie-les-plus-beaux-spectacles-a-venise\/","name":"Concerts en ao\u00fbt en Italie : les plus beaux spectacles \u00e0 Venise | I Musici Veneziani","isPartOf":{"@id":"https:\/\/www.imusiciveneziani.com\/#website"},"datePublished":"2021-09-02T13:19:34+00:00","dateModified":"2022-12-22T15:09:37+00:00","description":"Le spectacle Baroque et op\u00e9ra est un hommage au genre de l'op\u00e9ra. En ce qui concerne les concerts en ao\u00fbt en Italie, vous ne trouverez pas mieux.","breadcrumb":{"@id":"https:\/\/www.imusiciveneziani.com\/fr\/concerts-en-aout-en-italie-les-plus-beaux-spectacles-a-venise\/#breadcrumb"},"inLanguage":"it-IT","potentialAction":[{"@type":"ReadAction","target":["https:\/\/www.imusiciveneziani.com\/fr\/concerts-en-aout-en-italie-les-plus-beaux-spectacles-a-venise\/"]}]},{"@type":"BreadcrumbList","@id":"https:\/\/www.imusiciveneziani.com\/fr\/concerts-en-aout-en-italie-les-plus-beaux-spectacles-a-venise\/#breadcrumb","itemListElement":[{"@type":"ListItem","position":1,"name":"Home","item":"https:\/\/www.imusiciveneziani.com\/"},{"@type":"ListItem","position":2,"name":"Concerts en ao\u00fbt en Italie : les plus beaux spectacles \u00e0 Venise"}]},{"@type":"WebSite","@id":"https:\/\/www.imusiciveneziani.com\/#website","url":"https:\/\/www.imusiciveneziani.com\/","name":"I Musici Veneziani","description":"Orchestra e cantanti in costumi del XVIII secolo","publisher":{"@id":"https:\/\/www.imusiciveneziani.com\/#organization"},"potentialAction":[{"@type":"SearchAction","target":{"@type":"EntryPoint","urlTemplate":"https:\/\/www.imusiciveneziani.com\/?s={search_term_string}"},"query-input":"required name=search_term_string"}],"inLanguage":"it-IT"},{"@type":"Organization","@id":"https:\/\/www.imusiciveneziani.com\/#organization","name":"I Musici Veneziani","url":"https:\/\/www.imusiciveneziani.com\/","logo":{"@type":"ImageObject","inLanguage":"it-IT","@id":"https:\/\/www.imusiciveneziani.com\/#\/schema\/logo\/image\/","url":"https:\/\/beta.newwave-media.it\/musici\/wp-content\/uploads\/2018\/01\/logo_voucher-2.jpg","contentUrl":"https:\/\/beta.newwave-media.it\/musici\/wp-content\/uploads\/2018\/01\/logo_voucher-2.jpg","width":400,"height":200,"caption":"I Musici Veneziani"},"image":{"@id":"https:\/\/www.imusiciveneziani.com\/#\/schema\/logo\/image\/"}},{"@type":"Person","@id":"https:\/\/www.imusiciveneziani.com\/#\/schema\/person\/48238662f6e86f16b24e2c9c7bcb51ce","name":"adminMusici","image":{"@type":"ImageObject","inLanguage":"it-IT","@id":"https:\/\/www.imusiciveneziani.com\/#\/schema\/person\/image\/","url":"https:\/\/secure.gravatar.com\/avatar\/e9e24ce0c7fb2f21ea6ca24c548a0669?s=96&d=mm&r=g","contentUrl":"https:\/\/secure.gravatar.com\/avatar\/e9e24ce0c7fb2f21ea6ca24c548a0669?s=96&d=mm&r=g","caption":"adminMusici"}}]}},"_links":{"self":[{"href":"https:\/\/www.imusiciveneziani.com\/wp-json\/wp\/v2\/posts\/13347"}],"collection":[{"href":"https:\/\/www.imusiciveneziani.com\/wp-json\/wp\/v2\/posts"}],"about":[{"href":"https:\/\/www.imusiciveneziani.com\/wp-json\/wp\/v2\/types\/post"}],"author":[{"embeddable":true,"href":"https:\/\/www.imusiciveneziani.com\/wp-json\/wp\/v2\/users\/1"}],"replies":[{"embeddable":true,"href":"https:\/\/www.imusiciveneziani.com\/wp-json\/wp\/v2\/comments?post=13347"}],"version-history":[{"count":0,"href":"https:\/\/www.imusiciveneziani.com\/wp-json\/wp\/v2\/posts\/13347\/revisions"}],"wp:featuredmedia":[{"embeddable":true,"href":"https:\/\/www.imusiciveneziani.com\/wp-json\/wp\/v2\/media\/11066"}],"wp:attachment":[{"href":"https:\/\/www.imusiciveneziani.com\/wp-json\/wp\/v2\/media?parent=13347"}],"wp:term":[{"taxonomy":"category","embeddable":true,"href":"https:\/\/www.imusiciveneziani.com\/wp-json\/wp\/v2\/categories?post=13347"},{"taxonomy":"post_tag","embeddable":true,"href":"https:\/\/www.imusiciveneziani.com\/wp-json\/wp\/v2\/tags?post=13347"}],"curies":[{"name":"wp","href":"https:\/\/api.w.org\/{rel}","templated":true}]}}