{"id":13891,"date":"2021-09-29T15:19:15","date_gmt":"2021-09-29T13:19:15","guid":{"rendered":"https:\/\/www.imusiciveneziani.com\/?p=13891"},"modified":"2021-09-29T15:19:15","modified_gmt":"2021-09-29T13:19:15","slug":"lart-lyrique-en-italie-la-tournee-ideale-pour-les-amateurs-du-genre","status":"publish","type":"post","link":"https:\/\/www.imusiciveneziani.com\/fr\/lart-lyrique-en-italie-la-tournee-ideale-pour-les-amateurs-du-genre\/","title":{"rendered":"L&#8217;art lyrique en Italie : la tourn\u00e9e id\u00e9ale pour les amateurs du genre"},"content":{"rendered":"<h2><b>Que signifie l&#8217;expression \u00ab art lyrique \u00bb ? Quelques r\u00e9flexions g\u00e9n\u00e9rales<\/b><\/h2>\n<p>&nbsp;<\/p>\n<p><span style=\"font-weight: 400;\">La question : \u00ab qu&#8217;est-ce que l&#8217;<\/span><b>art lyrique<\/b><span style=\"font-weight: 400;\"> ? \u00bb nous permet de faire un petit saut dans le temps, afin d&#8217;esquisser une rapide histoire. Le terme lyrique renvoie aux Grecs : on ne peut manquer de faire r\u00e9f\u00e9rence \u00e0 la po\u00e9sie lyrique grecque, c&#8217;est-\u00e0-dire un genre de po\u00e9sie destin\u00e9 au chant, dont les vers \u00e9taient accompagn\u00e9s par le son de la <\/span><b>lyre<\/b><span style=\"font-weight: 400;\"> &#8211; tout comme on ne peut manquer de rappeler la distinction essentielle entre la <\/span><b>po\u00e9sie lyrique chorale<\/b><span style=\"font-weight: 400;\">, destin\u00e9e \u00e0 \u00eatre chant\u00e9e par un ch\u0153ur, et la <\/span><b>po\u00e9sie lyrique monodique<\/b><span style=\"font-weight: 400;\"> pour une seule voix.\u00a0<\/span><\/p>\n<p><span style=\"font-weight: 400;\">Par la suite, l&#8217;expression po\u00e9sie lyrique a \u00e9t\u00e9 comprise comme la po\u00e9sie aux accents subjectifs capable d&#8217;exprimer l&#8217;affectivit\u00e9 du sujet, ses multiples tonalit\u00e9s \u00e9motives ; une po\u00e9sie qui a en fait perdu son c\u00f4t\u00e9 musical.<\/span><\/p>\n<p>&nbsp;<\/p>\n<h3><b>Qu&#8217;est-il arriv\u00e9 \u00e0 la musique ? L&#8217;art lyrique<\/b><\/h3>\n<p>&nbsp;<\/p>\n<p><span style=\"font-weight: 400;\">La question se pose en effet spontan\u00e9ment, si l&#8217;on pense qu&#8217;au fil du temps l&#8217;adjectif lyrique est devenu intrins\u00e8quement li\u00e9 \u00e0 la po\u00e9sie, \u00e0 l&#8217;expression de sentiments subjectifs. Mais ce n&#8217;est qu&#8217;en apparence que la musique a \u00e9t\u00e9 abandonn\u00e9e, ce n&#8217;est qu&#8217;en apparence que le texte a disparu : la narration est en effet ins\u00e9parable du chant et du jeu, la musique fait partie int\u00e9grante du <\/span><b>lyrique<\/b><span style=\"font-weight: 400;\">. Aujourd&#8217;hui, lorsque nous parlons d&#8217;<\/span><b>art lyrique<\/b><span style=\"font-weight: 400;\">, nous utilisons cette expression comme synonyme d&#8217;<\/span><b>op\u00e9ra<\/b><span style=\"font-weight: 400;\"> : le chant est mis en sc\u00e8ne &#8211; vous souvenez-vous du <\/span><b>m\u00e9lodrame<\/b><span style=\"font-weight: 400;\"> (chant et action th\u00e9\u00e2trale) ?<\/span><\/p>\n<p><img decoding=\"async\" loading=\"lazy\" class=\"alignnone wp-image-11904 size-large\" src=\"https:\/\/www.imusiciveneziani.com\/wp-content\/uploads\/2021\/01\/batiments-de-Venise-1-1024x695.jpg\" alt=\"batiments de Venise\" width=\"1024\" height=\"695\" srcset=\"https:\/\/www.imusiciveneziani.com\/wp-content\/uploads\/2021\/01\/batiments-de-Venise-1-1024x695.jpg 1024w, https:\/\/www.imusiciveneziani.com\/wp-content\/uploads\/2021\/01\/batiments-de-Venise-1-300x204.jpg 300w, https:\/\/www.imusiciveneziani.com\/wp-content\/uploads\/2021\/01\/batiments-de-Venise-1-768x522.jpg 768w, https:\/\/www.imusiciveneziani.com\/wp-content\/uploads\/2021\/01\/batiments-de-Venise-1-600x408.jpg 600w, https:\/\/www.imusiciveneziani.com\/wp-content\/uploads\/2021\/01\/batiments-de-Venise-1.jpg 1200w\" sizes=\"(max-width: 1024px) 100vw, 1024px\" \/><\/p>\n<h3><b>Venise \u00e0 l&#8217;origine de l&#8217;art lyrique\u00a0<\/b><\/h3>\n<p>&nbsp;<\/p>\n<p><span style=\"font-weight: 400;\">Recommen\u00e7ons avec le m\u00e9lodrame. Oui, car c&#8217;est le m\u00e9lodrame qui est \u00e0 l&#8217;origine de l&#8217;op\u00e9ra et qui, en m\u00eame temps, constitue la transition entre la musique de la Renaissance et la musique baroque, et l&#8217;op\u00e9ra en tant que tel. En fait, l&#8217;<\/span><b>art lyrique<\/b><span style=\"font-weight: 400;\"> se r\u00e9sume pleinement \u00e0 ce qui est peut-\u00eatre le premier chef-d&#8217;\u0153uvre du genre op\u00e9ratique, \u00e0 savoir l&#8217;<\/span><b>Orph\u00e9e<\/b><span style=\"font-weight: 400;\"> de <\/span><b>Claudio Monteverdi<\/b><span style=\"font-weight: 400;\">. Cette \u00ab fable en musique \u00bb combine, comme on l&#8217;a vu plus haut, narration et musique, ouvrant ainsi la longue saison de l&#8217;<\/span><b>art lyrique<\/b><span style=\"font-weight: 400;\">. Et nous voici \u00e0 <\/span><b>Venise<\/b><span style=\"font-weight: 400;\">, la ville dans laquelle on peut dire, sans crainte d&#8217;\u00eatre contredit, que le baroque a commenc\u00e9 et s&#8217;est \u00e9panoui &#8211; apr\u00e8s tout, Monteverdi a pass\u00e9 une grande partie de sa vie et a compos\u00e9 un grand nombre d&#8217;op\u00e9ras dans la <\/span><b>S\u00e9r\u00e9nissime R\u00e9publique<\/b><span style=\"font-weight: 400;\">.<\/span><\/p>\n<p>&nbsp;<\/p>\n<h3><b>Tomber amoureux \u00e0 Venise &#8230; oui, mais de l&#8217;art lyrique !<\/b><\/h3>\n<p>&nbsp;<\/p>\n<p><span style=\"font-weight: 400;\">C&#8217;est parmi les merveilles baroques de Venise que vous trouverez la <\/span><b>Scuola Grande di San Teodoro<\/b><span style=\"font-weight: 400;\">, o\u00f9, toute l&#8217;ann\u00e9e, vous pourrez appr\u00e9cier l&#8217;a<\/span><b>rt lyrique<\/b><span style=\"font-weight: 400;\"> gr\u00e2ce \u00e0 un <\/span><a href=\"https:\/\/www.imusiciveneziani.com\/fr\/orchestre-de-musique-classique-comment-vivre-cette-experience-a-venise\/\" target=\"_blank\" rel=\"noopener noreferrer\"><b>orchestre de musique classique<\/b><\/a><span style=\"font-weight: 400;\"> au talent incomparable, l\u2019orchestre de <\/span><b>I Musici Veneziani<\/b><span style=\"font-weight: 400;\">. Dans un cadre sans pareil, vous aurez l&#8217;occasion de revivre l&#8217;histoire musicale de l&#8217;<\/span><b>op\u00e9ra italien<\/b><span style=\"font-weight: 400;\">, mais pas seulement, en combinant <\/span><b>baroque et op\u00e9ra<\/b><span style=\"font-weight: 400;\">. L&#8217;orchestre de <\/span><b>I Musici Veneziani<\/b><span style=\"font-weight: 400;\"> est le seul orchestre qui se produit en <\/span><b>costumes d&#8217;\u00e9poque<\/b><span style=\"font-weight: 400;\">, vous ramenant \u00e0 la p\u00e9riode la plus prosp\u00e8re de la R\u00e9publique.\u00a0<\/span><\/p>\n<p>&nbsp;<\/p>\n<p><span style=\"font-weight: 400;\">Amateurs de l\u2019<\/span><b>art lyrique<\/b><span style=\"font-weight: 400;\">, n&#8217;oubliez pas de r\u00e9server vos billets !<\/span><\/p>\n","protected":false},"excerpt":{"rendered":"<p>Que signifie l&#8217;expression \u00ab art lyrique \u00bb ? Quelques r\u00e9flexions g\u00e9n\u00e9rales &nbsp; La question : \u00ab qu&#8217;est-ce que l&#8217;art lyrique&#8230;<\/p>\n","protected":false},"author":1,"featured_media":13874,"comment_status":"closed","ping_status":"closed","sticky":false,"template":"","format":"standard","meta":[],"categories":[168],"tags":[319,213],"acf":[],"yoast_head":"<!-- This site is optimized with the Yoast SEO plugin v21.5 - https:\/\/yoast.com\/wordpress\/plugins\/seo\/ -->\n<title>L&#039;art lyrique en Italie : la tourn\u00e9e id\u00e9ale pour les amateurs du genre | I Musici Veneziani<\/title>\n<meta name=\"description\" content=\"Vous pourrez appr\u00e9cier l&#039;art lyrique gr\u00e2ce \u00e0 un orchestre de musique classique au talent incomparable, l\u2019orchestre de I Musici Veneziani.\" \/>\n<meta name=\"robots\" content=\"index, follow, max-snippet:-1, max-image-preview:large, max-video-preview:-1\" \/>\n<link rel=\"canonical\" href=\"https:\/\/www.imusiciveneziani.com\/fr\/lart-lyrique-en-italie-la-tournee-ideale-pour-les-amateurs-du-genre\/\" \/>\n<meta property=\"og:locale\" content=\"it_IT\" \/>\n<meta property=\"og:type\" content=\"article\" \/>\n<meta property=\"og:title\" content=\"L&#039;art lyrique en Italie : la tourn\u00e9e id\u00e9ale pour les amateurs du genre | I Musici Veneziani\" \/>\n<meta property=\"og:description\" content=\"Vous pourrez appr\u00e9cier l&#039;art lyrique gr\u00e2ce \u00e0 un orchestre de musique classique au talent incomparable, l\u2019orchestre de I Musici Veneziani.\" \/>\n<meta property=\"og:url\" content=\"https:\/\/www.imusiciveneziani.com\/fr\/lart-lyrique-en-italie-la-tournee-ideale-pour-les-amateurs-du-genre\/\" \/>\n<meta property=\"og:site_name\" content=\"I Musici Veneziani\" \/>\n<meta property=\"article:published_time\" content=\"2021-09-29T13:19:15+00:00\" \/>\n<meta property=\"og:image\" content=\"https:\/\/www.imusiciveneziani.com\/wp-content\/uploads\/2021\/09\/art-lyrique-en-Italie.jpg\" \/>\n\t<meta property=\"og:image:width\" content=\"1219\" \/>\n\t<meta property=\"og:image:height\" content=\"800\" \/>\n\t<meta property=\"og:image:type\" content=\"image\/jpeg\" \/>\n<meta name=\"author\" content=\"adminMusici\" \/>\n<meta name=\"twitter:card\" content=\"summary_large_image\" \/>\n<meta name=\"twitter:label1\" content=\"Scritto da\" \/>\n\t<meta name=\"twitter:data1\" content=\"adminMusici\" \/>\n\t<meta name=\"twitter:label2\" content=\"Tempo di lettura stimato\" \/>\n\t<meta name=\"twitter:data2\" content=\"3 minuti\" \/>\n<script type=\"application\/ld+json\" class=\"yoast-schema-graph\">{\"@context\":\"https:\/\/schema.org\",\"@graph\":[{\"@type\":\"Article\",\"@id\":\"https:\/\/www.imusiciveneziani.com\/fr\/lart-lyrique-en-italie-la-tournee-ideale-pour-les-amateurs-du-genre\/#article\",\"isPartOf\":{\"@id\":\"https:\/\/www.imusiciveneziani.com\/fr\/lart-lyrique-en-italie-la-tournee-ideale-pour-les-amateurs-du-genre\/\"},\"author\":{\"name\":\"adminMusici\",\"@id\":\"https:\/\/www.imusiciveneziani.com\/#\/schema\/person\/48238662f6e86f16b24e2c9c7bcb51ce\"},\"headline\":\"L&#8217;art lyrique en Italie : la tourn\u00e9e id\u00e9ale pour les amateurs du genre\",\"datePublished\":\"2021-09-29T13:19:15+00:00\",\"dateModified\":\"2021-09-29T13:19:15+00:00\",\"mainEntityOfPage\":{\"@id\":\"https:\/\/www.imusiciveneziani.com\/fr\/lart-lyrique-en-italie-la-tournee-ideale-pour-les-amateurs-du-genre\/\"},\"wordCount\":589,\"publisher\":{\"@id\":\"https:\/\/www.imusiciveneziani.com\/#organization\"},\"keywords\":[\"art lyrique\",\"Venise\"],\"articleSection\":[\"Blog\"],\"inLanguage\":\"it-IT\"},{\"@type\":\"WebPage\",\"@id\":\"https:\/\/www.imusiciveneziani.com\/fr\/lart-lyrique-en-italie-la-tournee-ideale-pour-les-amateurs-du-genre\/\",\"url\":\"https:\/\/www.imusiciveneziani.com\/fr\/lart-lyrique-en-italie-la-tournee-ideale-pour-les-amateurs-du-genre\/\",\"name\":\"L'art lyrique en Italie : la tourn\u00e9e id\u00e9ale pour les amateurs du genre | I Musici Veneziani\",\"isPartOf\":{\"@id\":\"https:\/\/www.imusiciveneziani.com\/#website\"},\"datePublished\":\"2021-09-29T13:19:15+00:00\",\"dateModified\":\"2021-09-29T13:19:15+00:00\",\"description\":\"Vous pourrez appr\u00e9cier l'art lyrique gr\u00e2ce \u00e0 un orchestre de musique classique au talent incomparable, l\u2019orchestre de I Musici Veneziani.\",\"breadcrumb\":{\"@id\":\"https:\/\/www.imusiciveneziani.com\/fr\/lart-lyrique-en-italie-la-tournee-ideale-pour-les-amateurs-du-genre\/#breadcrumb\"},\"inLanguage\":\"it-IT\",\"potentialAction\":[{\"@type\":\"ReadAction\",\"target\":[\"https:\/\/www.imusiciveneziani.com\/fr\/lart-lyrique-en-italie-la-tournee-ideale-pour-les-amateurs-du-genre\/\"]}]},{\"@type\":\"BreadcrumbList\",\"@id\":\"https:\/\/www.imusiciveneziani.com\/fr\/lart-lyrique-en-italie-la-tournee-ideale-pour-les-amateurs-du-genre\/#breadcrumb\",\"itemListElement\":[{\"@type\":\"ListItem\",\"position\":1,\"name\":\"Home\",\"item\":\"https:\/\/www.imusiciveneziani.com\/\"},{\"@type\":\"ListItem\",\"position\":2,\"name\":\"L&#8217;art lyrique en Italie : la tourn\u00e9e id\u00e9ale pour les amateurs du genre\"}]},{\"@type\":\"WebSite\",\"@id\":\"https:\/\/www.imusiciveneziani.com\/#website\",\"url\":\"https:\/\/www.imusiciveneziani.com\/\",\"name\":\"I Musici Veneziani\",\"description\":\"Orchestra e cantanti in costumi del XVIII secolo\",\"publisher\":{\"@id\":\"https:\/\/www.imusiciveneziani.com\/#organization\"},\"potentialAction\":[{\"@type\":\"SearchAction\",\"target\":{\"@type\":\"EntryPoint\",\"urlTemplate\":\"https:\/\/www.imusiciveneziani.com\/?s={search_term_string}\"},\"query-input\":\"required name=search_term_string\"}],\"inLanguage\":\"it-IT\"},{\"@type\":\"Organization\",\"@id\":\"https:\/\/www.imusiciveneziani.com\/#organization\",\"name\":\"I Musici Veneziani\",\"url\":\"https:\/\/www.imusiciveneziani.com\/\",\"logo\":{\"@type\":\"ImageObject\",\"inLanguage\":\"it-IT\",\"@id\":\"https:\/\/www.imusiciveneziani.com\/#\/schema\/logo\/image\/\",\"url\":\"https:\/\/beta.newwave-media.it\/musici\/wp-content\/uploads\/2018\/01\/logo_voucher-2.jpg\",\"contentUrl\":\"https:\/\/beta.newwave-media.it\/musici\/wp-content\/uploads\/2018\/01\/logo_voucher-2.jpg\",\"width\":400,\"height\":200,\"caption\":\"I Musici Veneziani\"},\"image\":{\"@id\":\"https:\/\/www.imusiciveneziani.com\/#\/schema\/logo\/image\/\"}},{\"@type\":\"Person\",\"@id\":\"https:\/\/www.imusiciveneziani.com\/#\/schema\/person\/48238662f6e86f16b24e2c9c7bcb51ce\",\"name\":\"adminMusici\",\"image\":{\"@type\":\"ImageObject\",\"inLanguage\":\"it-IT\",\"@id\":\"https:\/\/www.imusiciveneziani.com\/#\/schema\/person\/image\/\",\"url\":\"https:\/\/secure.gravatar.com\/avatar\/e9e24ce0c7fb2f21ea6ca24c548a0669?s=96&d=mm&r=g\",\"contentUrl\":\"https:\/\/secure.gravatar.com\/avatar\/e9e24ce0c7fb2f21ea6ca24c548a0669?s=96&d=mm&r=g\",\"caption\":\"adminMusici\"}}]}<\/script>\n<!-- \/ Yoast SEO plugin. -->","yoast_head_json":{"title":"L'art lyrique en Italie : la tourn\u00e9e id\u00e9ale pour les amateurs du genre | I Musici Veneziani","description":"Vous pourrez appr\u00e9cier l'art lyrique gr\u00e2ce \u00e0 un orchestre de musique classique au talent incomparable, l\u2019orchestre de I Musici Veneziani.","robots":{"index":"index","follow":"follow","max-snippet":"max-snippet:-1","max-image-preview":"max-image-preview:large","max-video-preview":"max-video-preview:-1"},"canonical":"https:\/\/www.imusiciveneziani.com\/fr\/lart-lyrique-en-italie-la-tournee-ideale-pour-les-amateurs-du-genre\/","og_locale":"it_IT","og_type":"article","og_title":"L'art lyrique en Italie : la tourn\u00e9e id\u00e9ale pour les amateurs du genre | I Musici Veneziani","og_description":"Vous pourrez appr\u00e9cier l'art lyrique gr\u00e2ce \u00e0 un orchestre de musique classique au talent incomparable, l\u2019orchestre de I Musici Veneziani.","og_url":"https:\/\/www.imusiciveneziani.com\/fr\/lart-lyrique-en-italie-la-tournee-ideale-pour-les-amateurs-du-genre\/","og_site_name":"I Musici Veneziani","article_published_time":"2021-09-29T13:19:15+00:00","og_image":[{"width":1219,"height":800,"url":"https:\/\/www.imusiciveneziani.com\/wp-content\/uploads\/2021\/09\/art-lyrique-en-Italie.jpg","type":"image\/jpeg"}],"author":"adminMusici","twitter_card":"summary_large_image","twitter_misc":{"Scritto da":"adminMusici","Tempo di lettura stimato":"3 minuti"},"schema":{"@context":"https:\/\/schema.org","@graph":[{"@type":"Article","@id":"https:\/\/www.imusiciveneziani.com\/fr\/lart-lyrique-en-italie-la-tournee-ideale-pour-les-amateurs-du-genre\/#article","isPartOf":{"@id":"https:\/\/www.imusiciveneziani.com\/fr\/lart-lyrique-en-italie-la-tournee-ideale-pour-les-amateurs-du-genre\/"},"author":{"name":"adminMusici","@id":"https:\/\/www.imusiciveneziani.com\/#\/schema\/person\/48238662f6e86f16b24e2c9c7bcb51ce"},"headline":"L&#8217;art lyrique en Italie : la tourn\u00e9e id\u00e9ale pour les amateurs du genre","datePublished":"2021-09-29T13:19:15+00:00","dateModified":"2021-09-29T13:19:15+00:00","mainEntityOfPage":{"@id":"https:\/\/www.imusiciveneziani.com\/fr\/lart-lyrique-en-italie-la-tournee-ideale-pour-les-amateurs-du-genre\/"},"wordCount":589,"publisher":{"@id":"https:\/\/www.imusiciveneziani.com\/#organization"},"keywords":["art lyrique","Venise"],"articleSection":["Blog"],"inLanguage":"it-IT"},{"@type":"WebPage","@id":"https:\/\/www.imusiciveneziani.com\/fr\/lart-lyrique-en-italie-la-tournee-ideale-pour-les-amateurs-du-genre\/","url":"https:\/\/www.imusiciveneziani.com\/fr\/lart-lyrique-en-italie-la-tournee-ideale-pour-les-amateurs-du-genre\/","name":"L'art lyrique en Italie : la tourn\u00e9e id\u00e9ale pour les amateurs du genre | I Musici Veneziani","isPartOf":{"@id":"https:\/\/www.imusiciveneziani.com\/#website"},"datePublished":"2021-09-29T13:19:15+00:00","dateModified":"2021-09-29T13:19:15+00:00","description":"Vous pourrez appr\u00e9cier l'art lyrique gr\u00e2ce \u00e0 un orchestre de musique classique au talent incomparable, l\u2019orchestre de I Musici Veneziani.","breadcrumb":{"@id":"https:\/\/www.imusiciveneziani.com\/fr\/lart-lyrique-en-italie-la-tournee-ideale-pour-les-amateurs-du-genre\/#breadcrumb"},"inLanguage":"it-IT","potentialAction":[{"@type":"ReadAction","target":["https:\/\/www.imusiciveneziani.com\/fr\/lart-lyrique-en-italie-la-tournee-ideale-pour-les-amateurs-du-genre\/"]}]},{"@type":"BreadcrumbList","@id":"https:\/\/www.imusiciveneziani.com\/fr\/lart-lyrique-en-italie-la-tournee-ideale-pour-les-amateurs-du-genre\/#breadcrumb","itemListElement":[{"@type":"ListItem","position":1,"name":"Home","item":"https:\/\/www.imusiciveneziani.com\/"},{"@type":"ListItem","position":2,"name":"L&#8217;art lyrique en Italie : la tourn\u00e9e id\u00e9ale pour les amateurs du genre"}]},{"@type":"WebSite","@id":"https:\/\/www.imusiciveneziani.com\/#website","url":"https:\/\/www.imusiciveneziani.com\/","name":"I Musici Veneziani","description":"Orchestra e cantanti in costumi del XVIII secolo","publisher":{"@id":"https:\/\/www.imusiciveneziani.com\/#organization"},"potentialAction":[{"@type":"SearchAction","target":{"@type":"EntryPoint","urlTemplate":"https:\/\/www.imusiciveneziani.com\/?s={search_term_string}"},"query-input":"required name=search_term_string"}],"inLanguage":"it-IT"},{"@type":"Organization","@id":"https:\/\/www.imusiciveneziani.com\/#organization","name":"I Musici Veneziani","url":"https:\/\/www.imusiciveneziani.com\/","logo":{"@type":"ImageObject","inLanguage":"it-IT","@id":"https:\/\/www.imusiciveneziani.com\/#\/schema\/logo\/image\/","url":"https:\/\/beta.newwave-media.it\/musici\/wp-content\/uploads\/2018\/01\/logo_voucher-2.jpg","contentUrl":"https:\/\/beta.newwave-media.it\/musici\/wp-content\/uploads\/2018\/01\/logo_voucher-2.jpg","width":400,"height":200,"caption":"I Musici Veneziani"},"image":{"@id":"https:\/\/www.imusiciveneziani.com\/#\/schema\/logo\/image\/"}},{"@type":"Person","@id":"https:\/\/www.imusiciveneziani.com\/#\/schema\/person\/48238662f6e86f16b24e2c9c7bcb51ce","name":"adminMusici","image":{"@type":"ImageObject","inLanguage":"it-IT","@id":"https:\/\/www.imusiciveneziani.com\/#\/schema\/person\/image\/","url":"https:\/\/secure.gravatar.com\/avatar\/e9e24ce0c7fb2f21ea6ca24c548a0669?s=96&d=mm&r=g","contentUrl":"https:\/\/secure.gravatar.com\/avatar\/e9e24ce0c7fb2f21ea6ca24c548a0669?s=96&d=mm&r=g","caption":"adminMusici"}}]}},"_links":{"self":[{"href":"https:\/\/www.imusiciveneziani.com\/wp-json\/wp\/v2\/posts\/13891"}],"collection":[{"href":"https:\/\/www.imusiciveneziani.com\/wp-json\/wp\/v2\/posts"}],"about":[{"href":"https:\/\/www.imusiciveneziani.com\/wp-json\/wp\/v2\/types\/post"}],"author":[{"embeddable":true,"href":"https:\/\/www.imusiciveneziani.com\/wp-json\/wp\/v2\/users\/1"}],"replies":[{"embeddable":true,"href":"https:\/\/www.imusiciveneziani.com\/wp-json\/wp\/v2\/comments?post=13891"}],"version-history":[{"count":0,"href":"https:\/\/www.imusiciveneziani.com\/wp-json\/wp\/v2\/posts\/13891\/revisions"}],"wp:featuredmedia":[{"embeddable":true,"href":"https:\/\/www.imusiciveneziani.com\/wp-json\/wp\/v2\/media\/13874"}],"wp:attachment":[{"href":"https:\/\/www.imusiciveneziani.com\/wp-json\/wp\/v2\/media?parent=13891"}],"wp:term":[{"taxonomy":"category","embeddable":true,"href":"https:\/\/www.imusiciveneziani.com\/wp-json\/wp\/v2\/categories?post=13891"},{"taxonomy":"post_tag","embeddable":true,"href":"https:\/\/www.imusiciveneziani.com\/wp-json\/wp\/v2\/tags?post=13891"}],"curies":[{"name":"wp","href":"https:\/\/api.w.org\/{rel}","templated":true}]}}